{"id":8370,"date":"2025-02-28T15:29:04","date_gmt":"2025-02-28T14:29:04","guid":{"rendered":"https:\/\/www.robindesbois.com\/blog\/?p=8370"},"modified":"2025-04-28T15:43:48","modified_gmt":"2025-04-28T13:43:48","slug":"table-ambre-chene-massif-salle-a-manger","status":"publish","type":"post","link":"https:\/\/www.robindesbois.com\/blog\/table-ambre-chene-massif-salle-a-manger\/","title":{"rendered":"Table \u00e0 manger Ambre"},"content":{"rendered":"<h1 class=\"\" data-start=\"131\" data-end=\"202\">Table Ambre en ch\u00eane : la noblesse du bois pour des repas d\u2019exception<\/h1>\n<p class=\"\" data-start=\"204\" data-end=\"523\">Chez <strong data-start=\"209\" data-end=\"229\">Robindesbois.com<\/strong>, nous pensons qu&#8217;une belle table est le c\u0153ur battant de la maison. C\u2019est autour d\u2019elle que se partagent les repas, les rires, les confidences. Avec la nouvelle <strong data-start=\"390\" data-end=\"414\">table Ambre en ch\u00eane<\/strong>, nous avons voulu offrir bien plus qu&#8217;un simple meuble : une v\u00e9ritable pi\u00e8ce ma\u00eetresse pour votre int\u00e9rieur.<\/p>\n<figure id=\"attachment_8371\" aria-describedby=\"caption-attachment-8371\" style=\"width: 660px\" class=\"wp-caption aligncenter\"><a href=\"https:\/\/www.robindesbois.com\/fr\/tables-a-manger\/2858-ambre-chene.html\"><img fetchpriority=\"high\" decoding=\"async\" class=\" wp-image-8371\" src=\"https:\/\/www.robindesbois.com\/blog\/wp-content\/uploads\/2025\/04\/ambre-chene-1.jpg\" alt=\"\" width=\"660\" height=\"660\" srcset=\"https:\/\/www.robindesbois.com\/blog\/wp-content\/uploads\/2025\/04\/ambre-chene-1.jpg 835w, https:\/\/www.robindesbois.com\/blog\/wp-content\/uploads\/2025\/04\/ambre-chene-1-300x300.jpg 300w, https:\/\/www.robindesbois.com\/blog\/wp-content\/uploads\/2025\/04\/ambre-chene-1-768x768.jpg 768w, https:\/\/www.robindesbois.com\/blog\/wp-content\/uploads\/2025\/04\/ambre-chene-1-150x150.jpg 150w, https:\/\/www.robindesbois.com\/blog\/wp-content\/uploads\/2025\/04\/ambre-chene-1-400x400.jpg 400w, https:\/\/www.robindesbois.com\/blog\/wp-content\/uploads\/2025\/04\/ambre-chene-1-418x418.jpg 418w, https:\/\/www.robindesbois.com\/blog\/wp-content\/uploads\/2025\/04\/ambre-chene-1-512x512.jpg 512w\" sizes=\"(max-width: 660px) 100vw, 660px\" \/><\/a><figcaption id=\"caption-attachment-8371\" class=\"wp-caption-text\">Table Ambre<\/figcaption><\/figure>\n<h2 class=\"\" data-start=\"525\" data-end=\"557\">Un design sobre et intemporel<\/h2>\n<p class=\"\" data-start=\"559\" data-end=\"874\">La <strong data-start=\"562\" data-end=\"577\">table Ambre<\/strong> s\u00e9duit par la <strong data-start=\"592\" data-end=\"616\">puret\u00e9 de ses lignes<\/strong> et la <strong data-start=\"623\" data-end=\"651\">noblesse de son mat\u00e9riau<\/strong>.<br data-start=\"652\" data-end=\"655\" \/>Con\u00e7ue enti\u00e8rement en <strong data-start=\"677\" data-end=\"693\">ch\u00eane massif<\/strong>, elle affiche une \u00e9l\u00e9gance naturelle, sans artifices, qui traverse les tendances et s&#8217;adapte \u00e0 tous les styles d\u2019int\u00e9rieur : contemporain, campagne chic, minimaliste ou industriel.<\/p>\n<p class=\"\" data-start=\"876\" data-end=\"1112\">Le veinage authentique du bois est sublim\u00e9 par une finition soigneusement travaill\u00e9e, qui prot\u00e8ge tout en mettant en valeur ses nuances dor\u00e9es et chaleureuses. Le r\u00e9sultat : un meuble vivant, avec du caract\u00e8re, qui raconte une histoire.<\/p>\n<figure id=\"attachment_8372\" aria-describedby=\"caption-attachment-8372\" style=\"width: 660px\" class=\"wp-caption aligncenter\"><a href=\"https:\/\/www.robindesbois.com\/fr\/tables-a-manger\/2858-ambre-chene.html\"><img decoding=\"async\" class=\" wp-image-8372\" src=\"https:\/\/www.robindesbois.com\/blog\/wp-content\/uploads\/2025\/04\/ambre-chene-2.jpg\" alt=\"\" width=\"660\" height=\"660\" srcset=\"https:\/\/www.robindesbois.com\/blog\/wp-content\/uploads\/2025\/04\/ambre-chene-2.jpg 835w, https:\/\/www.robindesbois.com\/blog\/wp-content\/uploads\/2025\/04\/ambre-chene-2-300x300.jpg 300w, https:\/\/www.robindesbois.com\/blog\/wp-content\/uploads\/2025\/04\/ambre-chene-2-768x768.jpg 768w, https:\/\/www.robindesbois.com\/blog\/wp-content\/uploads\/2025\/04\/ambre-chene-2-150x150.jpg 150w, https:\/\/www.robindesbois.com\/blog\/wp-content\/uploads\/2025\/04\/ambre-chene-2-400x400.jpg 400w, https:\/\/www.robindesbois.com\/blog\/wp-content\/uploads\/2025\/04\/ambre-chene-2-418x418.jpg 418w, https:\/\/www.robindesbois.com\/blog\/wp-content\/uploads\/2025\/04\/ambre-chene-2-512x512.jpg 512w\" sizes=\"(max-width: 660px) 100vw, 660px\" \/><\/a><figcaption id=\"caption-attachment-8372\" class=\"wp-caption-text\">Table Ambre<\/figcaption><\/figure>\n<h2 class=\"\" data-start=\"1114\" data-end=\"1163\">La qualit\u00e9 du ch\u00eane massif, gage de durabilit\u00e9<\/h2>\n<p class=\"\" data-start=\"1165\" data-end=\"1334\">La <strong data-start=\"1168\" data-end=\"1183\">table Ambre<\/strong> est fabriqu\u00e9e en <strong data-start=\"1201\" data-end=\"1210\">ch\u00eane<\/strong>, reconnu pour sa robustesse exceptionnelle et sa long\u00e9vit\u00e9.<br data-start=\"1270\" data-end=\"1273\" \/>Mat\u00e9riau noble par excellence, le ch\u00eane offre \u00e0 votre table :<\/p>\n<p class=\"\" data-start=\"1337\" data-end=\"1412\"><strong data-start=\"1337\" data-end=\"1377\">Une r\u00e9sistance aux chocs et au temps<\/strong>, parfaite pour un usage quotidien.<\/p>\n<p class=\"\" data-start=\"1415\" data-end=\"1477\"><strong data-start=\"1415\" data-end=\"1439\">Une grande stabilit\u00e9<\/strong>, m\u00eame dans des pi\u00e8ces \u00e0 fort passage.<\/p>\n<p class=\"\" data-start=\"1480\" data-end=\"1577\"><strong data-start=\"1480\" data-end=\"1502\">Un charme \u00e9volutif<\/strong>, car le bois massif se patine et s&#8217;embellit naturellement avec les ann\u00e9es.<\/p>\n<p class=\"\" data-start=\"1579\" data-end=\"1707\">En choisissant la <strong data-start=\"1597\" data-end=\"1612\">table Ambre<\/strong>, vous investissez dans une pi\u00e8ce qui vous accompagnera longtemps, g\u00e9n\u00e9ration apr\u00e8s g\u00e9n\u00e9ration.<\/p>\n<figure id=\"attachment_8373\" aria-describedby=\"caption-attachment-8373\" style=\"width: 660px\" class=\"wp-caption aligncenter\"><a href=\"https:\/\/www.robindesbois.com\/fr\/tables-a-manger\/2858-ambre-chene.html\"><img decoding=\"async\" class=\" wp-image-8373\" src=\"https:\/\/www.robindesbois.com\/blog\/wp-content\/uploads\/2025\/04\/ambre-chene-3.jpg\" alt=\"\" width=\"660\" height=\"660\" srcset=\"https:\/\/www.robindesbois.com\/blog\/wp-content\/uploads\/2025\/04\/ambre-chene-3.jpg 835w, https:\/\/www.robindesbois.com\/blog\/wp-content\/uploads\/2025\/04\/ambre-chene-3-300x300.jpg 300w, https:\/\/www.robindesbois.com\/blog\/wp-content\/uploads\/2025\/04\/ambre-chene-3-768x768.jpg 768w, https:\/\/www.robindesbois.com\/blog\/wp-content\/uploads\/2025\/04\/ambre-chene-3-150x150.jpg 150w, https:\/\/www.robindesbois.com\/blog\/wp-content\/uploads\/2025\/04\/ambre-chene-3-400x400.jpg 400w, https:\/\/www.robindesbois.com\/blog\/wp-content\/uploads\/2025\/04\/ambre-chene-3-418x418.jpg 418w, https:\/\/www.robindesbois.com\/blog\/wp-content\/uploads\/2025\/04\/ambre-chene-3-512x512.jpg 512w\" sizes=\"(max-width: 660px) 100vw, 660px\" \/><\/a><figcaption id=\"caption-attachment-8373\" class=\"wp-caption-text\">Table en ch\u00eane<\/figcaption><\/figure>\n<h2 class=\"\" data-start=\"1709\" data-end=\"1744\">Un format convivial et modulable<\/h2>\n<p class=\"\" data-start=\"1746\" data-end=\"2124\">Disponible en plusieurs dimensions adapt\u00e9es aux besoins d&#8217;aujourd&#8217;hui, la <a href=\"https:\/\/www.robindesbois.com\/fr\/tables-a-manger\/2858-ambre-chene.html\"><strong data-start=\"1820\" data-end=\"1835\">table Ambre<\/strong><\/a> accueille aussi bien les repas en petit comit\u00e9 que les grandes tabl\u00e9es familiales.<br data-start=\"1918\" data-end=\"1921\" \/>Sa structure solide garantit un excellent confort d&#8217;usage au quotidien, tandis que son plateau g\u00e9n\u00e9reux offre un espace parfait pour dresser de magnifiques tables de f\u00eate comme pour les repas improvis\u00e9s.<\/p>\n<p class=\"\" data-start=\"2126\" data-end=\"2263\">Associ\u00e9e \u00e0 des chaises en tissu, en bois ou m\u00eame en m\u00e9tal, elle permet de <strong data-start=\"2200\" data-end=\"2236\">composer une ambiance sur mesure<\/strong>, selon votre personnalit\u00e9.<\/p>\n<figure id=\"attachment_8374\" aria-describedby=\"caption-attachment-8374\" style=\"width: 660px\" class=\"wp-caption aligncenter\"><a href=\"https:\/\/www.robindesbois.com\/fr\/tables-a-manger\/2858-ambre-chene.html\"><img loading=\"lazy\" decoding=\"async\" class=\" wp-image-8374\" src=\"https:\/\/www.robindesbois.com\/blog\/wp-content\/uploads\/2025\/04\/ambre-chene.jpg\" alt=\"\" width=\"660\" height=\"660\" srcset=\"https:\/\/www.robindesbois.com\/blog\/wp-content\/uploads\/2025\/04\/ambre-chene.jpg 835w, https:\/\/www.robindesbois.com\/blog\/wp-content\/uploads\/2025\/04\/ambre-chene-300x300.jpg 300w, https:\/\/www.robindesbois.com\/blog\/wp-content\/uploads\/2025\/04\/ambre-chene-768x768.jpg 768w, https:\/\/www.robindesbois.com\/blog\/wp-content\/uploads\/2025\/04\/ambre-chene-150x150.jpg 150w, https:\/\/www.robindesbois.com\/blog\/wp-content\/uploads\/2025\/04\/ambre-chene-400x400.jpg 400w, https:\/\/www.robindesbois.com\/blog\/wp-content\/uploads\/2025\/04\/ambre-chene-418x418.jpg 418w, https:\/\/www.robindesbois.com\/blog\/wp-content\/uploads\/2025\/04\/ambre-chene-512x512.jpg 512w\" sizes=\"(max-width: 660px) 100vw, 660px\" \/><\/a><figcaption id=\"caption-attachment-8374\" class=\"wp-caption-text\">Table Ambre<\/figcaption><\/figure>\n<h2 class=\"\" data-start=\"2265\" data-end=\"2310\">Pourquoi choisir la table Ambre en ch\u00eane ?<\/h2>\n<p class=\"\" data-start=\"2314\" data-end=\"2357\"><strong data-start=\"2314\" data-end=\"2356\">Un design sobre, \u00e9l\u00e9gant et chaleureux<\/strong>.<\/p>\n<p class=\"\" data-start=\"2360\" data-end=\"2411\"><strong data-start=\"2360\" data-end=\"2392\">Un mat\u00e9riau noble et durable<\/strong> : le ch\u00eane massif.<\/p>\n<p class=\"\" data-start=\"2414\" data-end=\"2478\"><strong data-start=\"2414\" data-end=\"2444\">Une fabrication de qualit\u00e9<\/strong>, pens\u00e9e pour durer toute une vie.<\/p>\n<p class=\"\" data-start=\"2481\" data-end=\"2552\"><strong data-start=\"2481\" data-end=\"2515\">Une grande polyvalence d\u2019usage<\/strong>, du quotidien aux grandes occasions.<\/p>\n<figure id=\"attachment_8375\" aria-describedby=\"caption-attachment-8375\" style=\"width: 660px\" class=\"wp-caption aligncenter\"><a href=\"https:\/\/www.robindesbois.com\/fr\/tables-a-manger\/2858-ambre-chene.html\"><img loading=\"lazy\" decoding=\"async\" class=\" wp-image-8375\" src=\"https:\/\/www.robindesbois.com\/blog\/wp-content\/uploads\/2025\/04\/ambre-chene-4.jpg\" alt=\"\" width=\"660\" height=\"660\" srcset=\"https:\/\/www.robindesbois.com\/blog\/wp-content\/uploads\/2025\/04\/ambre-chene-4.jpg 835w, https:\/\/www.robindesbois.com\/blog\/wp-content\/uploads\/2025\/04\/ambre-chene-4-300x300.jpg 300w, https:\/\/www.robindesbois.com\/blog\/wp-content\/uploads\/2025\/04\/ambre-chene-4-768x768.jpg 768w, https:\/\/www.robindesbois.com\/blog\/wp-content\/uploads\/2025\/04\/ambre-chene-4-150x150.jpg 150w, https:\/\/www.robindesbois.com\/blog\/wp-content\/uploads\/2025\/04\/ambre-chene-4-400x400.jpg 400w, https:\/\/www.robindesbois.com\/blog\/wp-content\/uploads\/2025\/04\/ambre-chene-4-418x418.jpg 418w, https:\/\/www.robindesbois.com\/blog\/wp-content\/uploads\/2025\/04\/ambre-chene-4-512x512.jpg 512w\" sizes=\"(max-width: 660px) 100vw, 660px\" \/><\/a><figcaption id=\"caption-attachment-8375\" class=\"wp-caption-text\">Table 3 rallonges<\/figcaption><\/figure>\n<p class=\"\" data-start=\"2559\" data-end=\"2792\">La <a href=\"https:\/\/www.robindesbois.com\/fr\/tables-a-manger\/2858-ambre-chene.html\"><strong data-start=\"2562\" data-end=\"2586\">table Ambre en ch\u00eane<\/strong><\/a> est disponible d\u00e8s aujourd\u2019hui sur <a class=\"\" href=\"https:\/\/www.robindesbois.com\/fr\/tables-a-manger\/2858-ambre-chene.html\" target=\"_new\" rel=\"noopener\" data-start=\"2622\" data-end=\"2711\">Robindesbois.com<\/a>.<br data-start=\"2712\" data-end=\"2715\" \/>Offrez \u00e0 votre maison une pi\u00e8ce forte, \u00e0 la fois chaleureuse et intemporelle.<\/p>\n","protected":false},"excerpt":{"rendered":"<p>Table Ambre en ch\u00eane : la noblesse du bois pour des repas d\u2019exception Chez Robindesbois.com, nous pensons qu&#8217;une belle table est le c\u0153ur battant de la maison. C\u2019est autour d\u2019elle que se partagent les repas, les rires, les confidences. Avec la nouvelle table Ambre en ch\u00eane, nous avons voulu offrir bien plus qu&#8217;un simple meuble&#8230;<\/p>\n","protected":false},"author":6,"featured_media":8375,"comment_status":"closed","ping_status":"closed","sticky":false,"template":"","format":"standard","meta":{"footnotes":""},"categories":[66],"tags":[212,209,211,210,213,214],"class_list":["post-8370","post","type-post","status-publish","format-standard","has-post-thumbnail","hentry","category-des-nouveautes","tag-grande-table-en-bois","tag-table-a-manger","tag-table-a-rallonge","tag-table-de-repas","tag-table-en-chene","tag-table-shabby-chic"],"yoast_head":"<!-- This site is optimized with the Yoast SEO plugin v26.6 - https:\/\/yoast.com\/wordpress\/plugins\/seo\/ -->\n<title>Table \u00e0 manger Ambre Table Ambre en Ch\u00eane Massif : \u00c9l\u00e9gance Naturelle et Robustesse pour Votre Salle \u00e0 Manger<\/title>\n<meta name=\"description\" content=\"D\u00e9couvrez la table Ambre en ch\u00eane massif : un design sobre, une robustesse exceptionnelle et une \u00e9l\u00e9gance naturelle pour sublimer votre salle \u00e0 manger. Disponible sur Robindesbois.com.\" \/>\n<meta name=\"robots\" content=\"index, follow, max-snippet:-1, max-image-preview:large, max-video-preview:-1\" \/>\n<link rel=\"canonical\" href=\"https:\/\/www.robindesbois.com\/blog\/table-ambre-chene-massif-salle-a-manger\/\" \/>\n<meta property=\"og:locale\" content=\"fr_FR\" \/>\n<meta property=\"og:type\" content=\"article\" \/>\n<meta property=\"og:title\" content=\"Table \u00e0 manger Ambre Table Ambre en Ch\u00eane Massif : \u00c9l\u00e9gance Naturelle et Robustesse pour Votre Salle \u00e0 Manger\" \/>\n<meta property=\"og:description\" content=\"D\u00e9couvrez la table Ambre en ch\u00eane massif : un design sobre, une robustesse exceptionnelle et une \u00e9l\u00e9gance naturelle pour sublimer votre salle \u00e0 manger. Disponible sur Robindesbois.com.\" \/>\n<meta property=\"og:url\" content=\"https:\/\/www.robindesbois.com\/blog\/table-ambre-chene-massif-salle-a-manger\/\" \/>\n<meta property=\"og:site_name\" content=\"Le Blog de Robin des Bois\" \/>\n<meta property=\"article:published_time\" content=\"2025-02-28T14:29:04+00:00\" \/>\n<meta property=\"article:modified_time\" content=\"2025-04-28T13:43:48+00:00\" \/>\n<meta property=\"og:image\" content=\"https:\/\/www.robindesbois.com\/blog\/wp-content\/uploads\/2025\/04\/ambre-chene-4.jpg\" \/>\n\t<meta property=\"og:image:width\" content=\"835\" \/>\n\t<meta property=\"og:image:height\" content=\"835\" \/>\n\t<meta property=\"og:image:type\" content=\"image\/jpeg\" \/>\n<meta name=\"author\" content=\"Ali\u00e9nor de Saint-Albane\" \/>\n<meta name=\"twitter:card\" content=\"summary_large_image\" \/>\n<meta name=\"twitter:label1\" content=\"\u00c9crit par\" \/>\n\t<meta name=\"twitter:data1\" content=\"Ali\u00e9nor de Saint-Albane\" \/>\n\t<meta name=\"twitter:label2\" content=\"Dur\u00e9e de lecture estim\u00e9e\" \/>\n\t<meta name=\"twitter:data2\" content=\"4 minutes\" \/>\n<script type=\"application\/ld+json\" class=\"yoast-schema-graph\">{\"@context\":\"https:\/\/schema.org\",\"@graph\":[{\"@type\":\"WebPage\",\"@id\":\"https:\/\/www.robindesbois.com\/blog\/table-ambre-chene-massif-salle-a-manger\/\",\"url\":\"https:\/\/www.robindesbois.com\/blog\/table-ambre-chene-massif-salle-a-manger\/\",\"name\":\"Table \u00e0 manger Ambre Table Ambre en Ch\u00eane Massif : \u00c9l\u00e9gance Naturelle et Robustesse pour Votre Salle \u00e0 Manger\",\"isPartOf\":{\"@id\":\"https:\/\/www.robindesbois.com\/blog\/#website\"},\"primaryImageOfPage\":{\"@id\":\"https:\/\/www.robindesbois.com\/blog\/table-ambre-chene-massif-salle-a-manger\/#primaryimage\"},\"image\":{\"@id\":\"https:\/\/www.robindesbois.com\/blog\/table-ambre-chene-massif-salle-a-manger\/#primaryimage\"},\"thumbnailUrl\":\"https:\/\/www.robindesbois.com\/blog\/wp-content\/uploads\/2025\/04\/ambre-chene-4.jpg\",\"datePublished\":\"2025-02-28T14:29:04+00:00\",\"dateModified\":\"2025-04-28T13:43:48+00:00\",\"author\":{\"@id\":\"https:\/\/www.robindesbois.com\/blog\/#\/schema\/person\/f981a9cc293019074488806b3c6754b6\"},\"description\":\"D\u00e9couvrez la table Ambre en ch\u00eane massif : un design sobre, une robustesse exceptionnelle et une \u00e9l\u00e9gance naturelle pour sublimer votre salle \u00e0 manger. Disponible sur Robindesbois.com.\",\"breadcrumb\":{\"@id\":\"https:\/\/www.robindesbois.com\/blog\/table-ambre-chene-massif-salle-a-manger\/#breadcrumb\"},\"inLanguage\":\"fr-FR\",\"potentialAction\":[{\"@type\":\"ReadAction\",\"target\":[\"https:\/\/www.robindesbois.com\/blog\/table-ambre-chene-massif-salle-a-manger\/\"]}]},{\"@type\":\"ImageObject\",\"inLanguage\":\"fr-FR\",\"@id\":\"https:\/\/www.robindesbois.com\/blog\/table-ambre-chene-massif-salle-a-manger\/#primaryimage\",\"url\":\"https:\/\/www.robindesbois.com\/blog\/wp-content\/uploads\/2025\/04\/ambre-chene-4.jpg\",\"contentUrl\":\"https:\/\/www.robindesbois.com\/blog\/wp-content\/uploads\/2025\/04\/ambre-chene-4.jpg\",\"width\":835,\"height\":835,\"caption\":\"Table 3 rallonges\"},{\"@type\":\"BreadcrumbList\",\"@id\":\"https:\/\/www.robindesbois.com\/blog\/table-ambre-chene-massif-salle-a-manger\/#breadcrumb\",\"itemListElement\":[{\"@type\":\"ListItem\",\"position\":1,\"name\":\"Accueil\",\"item\":\"https:\/\/www.robindesbois.com\/blog\/\"},{\"@type\":\"ListItem\",\"position\":2,\"name\":\"Table \u00e0 manger Ambre\"}]},{\"@type\":\"WebSite\",\"@id\":\"https:\/\/www.robindesbois.com\/blog\/#website\",\"url\":\"https:\/\/www.robindesbois.com\/blog\/\",\"name\":\"Le Blog de Robin des Bois\",\"description\":\"Des meubles qui racontent une histoire...\",\"potentialAction\":[{\"@type\":\"SearchAction\",\"target\":{\"@type\":\"EntryPoint\",\"urlTemplate\":\"https:\/\/www.robindesbois.com\/blog\/?s={search_term_string}\"},\"query-input\":{\"@type\":\"PropertyValueSpecification\",\"valueRequired\":true,\"valueName\":\"search_term_string\"}}],\"inLanguage\":\"fr-FR\"},{\"@type\":\"Person\",\"@id\":\"https:\/\/www.robindesbois.com\/blog\/#\/schema\/person\/f981a9cc293019074488806b3c6754b6\",\"name\":\"Ali\u00e9nor de Saint-Albane\",\"sameAs\":[\"http:\/\/www.robindesbois.com\"]}]}<\/script>\n<!-- \/ Yoast SEO plugin. -->","yoast_head_json":{"title":"Table \u00e0 manger Ambre Table Ambre en Ch\u00eane Massif : \u00c9l\u00e9gance Naturelle et Robustesse pour Votre Salle \u00e0 Manger","description":"D\u00e9couvrez la table Ambre en ch\u00eane massif : un design sobre, une robustesse exceptionnelle et une \u00e9l\u00e9gance naturelle pour sublimer votre salle \u00e0 manger. Disponible sur Robindesbois.com.","robots":{"index":"index","follow":"follow","max-snippet":"max-snippet:-1","max-image-preview":"max-image-preview:large","max-video-preview":"max-video-preview:-1"},"canonical":"https:\/\/www.robindesbois.com\/blog\/table-ambre-chene-massif-salle-a-manger\/","og_locale":"fr_FR","og_type":"article","og_title":"Table \u00e0 manger Ambre Table Ambre en Ch\u00eane Massif : \u00c9l\u00e9gance Naturelle et Robustesse pour Votre Salle \u00e0 Manger","og_description":"D\u00e9couvrez la table Ambre en ch\u00eane massif : un design sobre, une robustesse exceptionnelle et une \u00e9l\u00e9gance naturelle pour sublimer votre salle \u00e0 manger. Disponible sur Robindesbois.com.","og_url":"https:\/\/www.robindesbois.com\/blog\/table-ambre-chene-massif-salle-a-manger\/","og_site_name":"Le Blog de Robin des Bois","article_published_time":"2025-02-28T14:29:04+00:00","article_modified_time":"2025-04-28T13:43:48+00:00","og_image":[{"width":835,"height":835,"url":"https:\/\/www.robindesbois.com\/blog\/wp-content\/uploads\/2025\/04\/ambre-chene-4.jpg","type":"image\/jpeg"}],"author":"Ali\u00e9nor de Saint-Albane","twitter_card":"summary_large_image","twitter_misc":{"\u00c9crit par":"Ali\u00e9nor de Saint-Albane","Dur\u00e9e de lecture estim\u00e9e":"4 minutes"},"schema":{"@context":"https:\/\/schema.org","@graph":[{"@type":"WebPage","@id":"https:\/\/www.robindesbois.com\/blog\/table-ambre-chene-massif-salle-a-manger\/","url":"https:\/\/www.robindesbois.com\/blog\/table-ambre-chene-massif-salle-a-manger\/","name":"Table \u00e0 manger Ambre Table Ambre en Ch\u00eane Massif : \u00c9l\u00e9gance Naturelle et Robustesse pour Votre Salle \u00e0 Manger","isPartOf":{"@id":"https:\/\/www.robindesbois.com\/blog\/#website"},"primaryImageOfPage":{"@id":"https:\/\/www.robindesbois.com\/blog\/table-ambre-chene-massif-salle-a-manger\/#primaryimage"},"image":{"@id":"https:\/\/www.robindesbois.com\/blog\/table-ambre-chene-massif-salle-a-manger\/#primaryimage"},"thumbnailUrl":"https:\/\/www.robindesbois.com\/blog\/wp-content\/uploads\/2025\/04\/ambre-chene-4.jpg","datePublished":"2025-02-28T14:29:04+00:00","dateModified":"2025-04-28T13:43:48+00:00","author":{"@id":"https:\/\/www.robindesbois.com\/blog\/#\/schema\/person\/f981a9cc293019074488806b3c6754b6"},"description":"D\u00e9couvrez la table Ambre en ch\u00eane massif : un design sobre, une robustesse exceptionnelle et une \u00e9l\u00e9gance naturelle pour sublimer votre salle \u00e0 manger. Disponible sur Robindesbois.com.","breadcrumb":{"@id":"https:\/\/www.robindesbois.com\/blog\/table-ambre-chene-massif-salle-a-manger\/#breadcrumb"},"inLanguage":"fr-FR","potentialAction":[{"@type":"ReadAction","target":["https:\/\/www.robindesbois.com\/blog\/table-ambre-chene-massif-salle-a-manger\/"]}]},{"@type":"ImageObject","inLanguage":"fr-FR","@id":"https:\/\/www.robindesbois.com\/blog\/table-ambre-chene-massif-salle-a-manger\/#primaryimage","url":"https:\/\/www.robindesbois.com\/blog\/wp-content\/uploads\/2025\/04\/ambre-chene-4.jpg","contentUrl":"https:\/\/www.robindesbois.com\/blog\/wp-content\/uploads\/2025\/04\/ambre-chene-4.jpg","width":835,"height":835,"caption":"Table 3 rallonges"},{"@type":"BreadcrumbList","@id":"https:\/\/www.robindesbois.com\/blog\/table-ambre-chene-massif-salle-a-manger\/#breadcrumb","itemListElement":[{"@type":"ListItem","position":1,"name":"Accueil","item":"https:\/\/www.robindesbois.com\/blog\/"},{"@type":"ListItem","position":2,"name":"Table \u00e0 manger Ambre"}]},{"@type":"WebSite","@id":"https:\/\/www.robindesbois.com\/blog\/#website","url":"https:\/\/www.robindesbois.com\/blog\/","name":"Le Blog de Robin des Bois","description":"Des meubles qui racontent une histoire...","potentialAction":[{"@type":"SearchAction","target":{"@type":"EntryPoint","urlTemplate":"https:\/\/www.robindesbois.com\/blog\/?s={search_term_string}"},"query-input":{"@type":"PropertyValueSpecification","valueRequired":true,"valueName":"search_term_string"}}],"inLanguage":"fr-FR"},{"@type":"Person","@id":"https:\/\/www.robindesbois.com\/blog\/#\/schema\/person\/f981a9cc293019074488806b3c6754b6","name":"Ali\u00e9nor de Saint-Albane","sameAs":["http:\/\/www.robindesbois.com"]}]}},"_links":{"self":[{"href":"https:\/\/www.robindesbois.com\/blog\/wp-json\/wp\/v2\/posts\/8370","targetHints":{"allow":["GET"]}}],"collection":[{"href":"https:\/\/www.robindesbois.com\/blog\/wp-json\/wp\/v2\/posts"}],"about":[{"href":"https:\/\/www.robindesbois.com\/blog\/wp-json\/wp\/v2\/types\/post"}],"author":[{"embeddable":true,"href":"https:\/\/www.robindesbois.com\/blog\/wp-json\/wp\/v2\/users\/6"}],"replies":[{"embeddable":true,"href":"https:\/\/www.robindesbois.com\/blog\/wp-json\/wp\/v2\/comments?post=8370"}],"version-history":[{"count":3,"href":"https:\/\/www.robindesbois.com\/blog\/wp-json\/wp\/v2\/posts\/8370\/revisions"}],"predecessor-version":[{"id":8378,"href":"https:\/\/www.robindesbois.com\/blog\/wp-json\/wp\/v2\/posts\/8370\/revisions\/8378"}],"wp:featuredmedia":[{"embeddable":true,"href":"https:\/\/www.robindesbois.com\/blog\/wp-json\/wp\/v2\/media\/8375"}],"wp:attachment":[{"href":"https:\/\/www.robindesbois.com\/blog\/wp-json\/wp\/v2\/media?parent=8370"}],"wp:term":[{"taxonomy":"category","embeddable":true,"href":"https:\/\/www.robindesbois.com\/blog\/wp-json\/wp\/v2\/categories?post=8370"},{"taxonomy":"post_tag","embeddable":true,"href":"https:\/\/www.robindesbois.com\/blog\/wp-json\/wp\/v2\/tags?post=8370"}],"curies":[{"name":"wp","href":"https:\/\/api.w.org\/{rel}","templated":true}]}}