{"id":8173,"date":"2025-04-22T08:04:31","date_gmt":"2025-04-22T06:04:31","guid":{"rendered":"https:\/\/www.robindesbois.com\/blog\/?p=8173"},"modified":"2025-12-24T11:51:03","modified_gmt":"2025-12-24T10:51:03","slug":"commode-arbalete-style-histoire-conseils","status":"publish","type":"post","link":"https:\/\/www.robindesbois.com\/blog\/commode-arbalete-style-histoire-conseils\/","title":{"rendered":"La commode Arbal\u00e8te"},"content":{"rendered":"<h1><strong>La commode Arbal\u00e8te : un meuble d\u2019hier et d\u2019aujourd\u2019hui<\/strong><\/h1>\n<p><strong>Elle a travers\u00e9 les si\u00e8cles, les styles, les r\u00e9volutions.<\/strong> La commode, cette fid\u00e8le complice du rangement domestique, continue de r\u00e9gner dans nos int\u00e9rieurs avec une noblesse tranquille. Et chez <strong>Robindesbois.com<\/strong>, elle se d\u00e9cline avec caract\u00e8re, \u00e9l\u00e9gance et durabilit\u00e9. Focus sur une ic\u00f4ne r\u00e9interpr\u00e9t\u00e9e avec talent : la <strong>commode Arbal\u00e8te<\/strong>.<\/p>\n<figure id=\"attachment_8176\" aria-describedby=\"caption-attachment-8176\" style=\"width: 1920px\" class=\"wp-caption aligncenter\"><a href=\"https:\/\/www.robindesbois.com\/fr\/commodes\/617-723-commode-double-plateau-chene-6-tiroirs-good-moon.html#\/148-couleur-blanche\"><img fetchpriority=\"high\" decoding=\"async\" class=\"size-full wp-image-8176\" src=\"https:\/\/www.robindesbois.com\/blog\/wp-content\/uploads\/2025\/04\/Commode-Arbalete.jpg\" alt=\"\" width=\"1920\" height=\"704\" srcset=\"https:\/\/www.robindesbois.com\/blog\/wp-content\/uploads\/2025\/04\/Commode-Arbalete.jpg 1920w, https:\/\/www.robindesbois.com\/blog\/wp-content\/uploads\/2025\/04\/Commode-Arbalete-300x110.jpg 300w, https:\/\/www.robindesbois.com\/blog\/wp-content\/uploads\/2025\/04\/Commode-Arbalete-1024x375.jpg 1024w, https:\/\/www.robindesbois.com\/blog\/wp-content\/uploads\/2025\/04\/Commode-Arbalete-768x282.jpg 768w, https:\/\/www.robindesbois.com\/blog\/wp-content\/uploads\/2025\/04\/Commode-Arbalete-1536x563.jpg 1536w, https:\/\/www.robindesbois.com\/blog\/wp-content\/uploads\/2025\/04\/Commode-Arbalete-418x153.jpg 418w\" sizes=\"(max-width: 1920px) 100vw, 1920px\" \/><\/a><figcaption id=\"caption-attachment-8176\" class=\"wp-caption-text\">Double commode Good Moon<\/figcaption><\/figure>\n<h2>Un h\u00e9ritage royal : la commode dans l\u2019histoire du mobilier<\/h2>\n<p>N\u00e9e au d\u00e9but du XVIIIe si\u00e8cle sous le r\u00e8gne de Louis XV, la commode s\u2019impose comme un tournant majeur dans le monde du meuble. Finie l\u2019aust\u00e9rit\u00e9 du coffre ! Place \u00e0 un <strong>meuble bas, large et muni de tiroirs<\/strong>, pens\u00e9 pour <strong>organiser avec style<\/strong> le linge, les papiers, les tr\u00e9sors de famille. Rapidement adopt\u00e9e par les \u00e9b\u00e9nistes de renom, la commode devient une toile d\u2019expression du go\u00fbt fran\u00e7ais : bois pr\u00e9cieux, marqueterie florale, bronze dor\u00e9, pieds galb\u00e9s&#8230;<\/p>\n<p>Aujourd\u2019hui encore, elle conserve cette aura d\u2019\u00e9l\u00e9gance fonctionnelle. Et chez <strong>Robindesbois.com<\/strong>, nous lui rendons hommage \u00e0 travers des mod\u00e8les qui allient <strong>tradition artisanale et design contemporain<\/strong>.<\/p>\n<figure id=\"attachment_8177\" aria-describedby=\"caption-attachment-8177\" style=\"width: 660px\" class=\"wp-caption aligncenter\"><a href=\"https:\/\/www.robindesbois.com\/fr\/commodes\/1987-diana-commode-arbalete-en-chene-satio.html\"><img decoding=\"async\" class=\" wp-image-8177\" src=\"https:\/\/www.robindesbois.com\/blog\/wp-content\/uploads\/2025\/04\/diana-commode-arbalete-en-chene-satio.jpg\" alt=\"\" width=\"660\" height=\"660\" srcset=\"https:\/\/www.robindesbois.com\/blog\/wp-content\/uploads\/2025\/04\/diana-commode-arbalete-en-chene-satio.jpg 1200w, https:\/\/www.robindesbois.com\/blog\/wp-content\/uploads\/2025\/04\/diana-commode-arbalete-en-chene-satio-300x300.jpg 300w, https:\/\/www.robindesbois.com\/blog\/wp-content\/uploads\/2025\/04\/diana-commode-arbalete-en-chene-satio-1024x1024.jpg 1024w, https:\/\/www.robindesbois.com\/blog\/wp-content\/uploads\/2025\/04\/diana-commode-arbalete-en-chene-satio-768x768.jpg 768w, https:\/\/www.robindesbois.com\/blog\/wp-content\/uploads\/2025\/04\/diana-commode-arbalete-en-chene-satio-150x150.jpg 150w, https:\/\/www.robindesbois.com\/blog\/wp-content\/uploads\/2025\/04\/diana-commode-arbalete-en-chene-satio-400x400.jpg 400w, https:\/\/www.robindesbois.com\/blog\/wp-content\/uploads\/2025\/04\/diana-commode-arbalete-en-chene-satio-418x418.jpg 418w, https:\/\/www.robindesbois.com\/blog\/wp-content\/uploads\/2025\/04\/diana-commode-arbalete-en-chene-satio-512x512.jpg 512w\" sizes=\"(max-width: 660px) 100vw, 660px\" \/><\/a><figcaption id=\"caption-attachment-8177\" class=\"wp-caption-text\">Commode Diana<\/figcaption><\/figure>\n<h2>Arbal\u00e8te : une commode sculpt\u00e9e dans la mati\u00e8re<\/h2>\n<p>La <a href=\"https:\/\/www.robindesbois.com\/fr\/commodes\/1987-diana-commode-arbalete-en-chene-satio.html\"><strong>commode Arbal\u00e8te Diana<\/strong><\/a>, avec son <strong>plateau en ch\u00eane satin\u00e9<\/strong>, \u00e9voque d\u2019embl\u00e9e le travail d\u2019un menuisier passionn\u00e9. Son nom fait r\u00e9f\u00e9rence \u00e0 la courbe douce et tendue de son pi\u00e8tement, qui rappelle la forme d\u2019une arbal\u00e8te m\u00e9di\u00e9vale. Cette silhouette singuli\u00e8re, \u00e0 la fois robuste et rac\u00e9e, lui donne un <strong>look intemporel<\/strong>, entre charme d\u2019antan et pr\u00e9sence contemporaine.<\/p>\n<h4>Ce qu\u2019on aime :<\/h4>\n<ul>\n<li>Un <strong>ch\u00eane de haute qualit\u00e9<\/strong>, issu de for\u00eats g\u00e9r\u00e9es durablement<\/li>\n<li>Des <strong>assemblages solides<\/strong>, con\u00e7us pour durer des g\u00e9n\u00e9rations<\/li>\n<li>Un <strong>travail du bois finement bross\u00e9<\/strong>, qui r\u00e9v\u00e8le la texture naturelle du mat\u00e9riau<\/li>\n<li>Trois <strong>tiroirs spacieux<\/strong> \u00e0 poign\u00e9es en m\u00e9tal vieilli : un \u00e9quilibre parfait entre esth\u00e9tisme et fonctionnalit\u00e9<\/li>\n<\/ul>\n<h3><\/h3>\n<h2>Une commode pens\u00e9e pour la vraie vie<\/h2>\n<figure id=\"attachment_8180\" aria-describedby=\"caption-attachment-8180\" style=\"width: 660px\" class=\"wp-caption aligncenter\"><a href=\"https:\/\/www.robindesbois.com\/fr\/commodes\/1992-1404-goodmoon-double-commode-arbalete-satio.html#\/120-couleur-noire\"><img decoding=\"async\" class=\" wp-image-8180\" src=\"https:\/\/www.robindesbois.com\/blog\/wp-content\/uploads\/2025\/04\/goodmoon-double-commode-arbalete-satio.jpg\" alt=\"\" width=\"660\" height=\"660\" srcset=\"https:\/\/www.robindesbois.com\/blog\/wp-content\/uploads\/2025\/04\/goodmoon-double-commode-arbalete-satio.jpg 1200w, https:\/\/www.robindesbois.com\/blog\/wp-content\/uploads\/2025\/04\/goodmoon-double-commode-arbalete-satio-300x300.jpg 300w, https:\/\/www.robindesbois.com\/blog\/wp-content\/uploads\/2025\/04\/goodmoon-double-commode-arbalete-satio-1024x1024.jpg 1024w, https:\/\/www.robindesbois.com\/blog\/wp-content\/uploads\/2025\/04\/goodmoon-double-commode-arbalete-satio-768x768.jpg 768w, https:\/\/www.robindesbois.com\/blog\/wp-content\/uploads\/2025\/04\/goodmoon-double-commode-arbalete-satio-150x150.jpg 150w, https:\/\/www.robindesbois.com\/blog\/wp-content\/uploads\/2025\/04\/goodmoon-double-commode-arbalete-satio-400x400.jpg 400w, https:\/\/www.robindesbois.com\/blog\/wp-content\/uploads\/2025\/04\/goodmoon-double-commode-arbalete-satio-418x418.jpg 418w, https:\/\/www.robindesbois.com\/blog\/wp-content\/uploads\/2025\/04\/goodmoon-double-commode-arbalete-satio-512x512.jpg 512w\" sizes=\"(max-width: 660px) 100vw, 660px\" \/><\/a><figcaption id=\"caption-attachment-8180\" class=\"wp-caption-text\">Commode Good Moon Noire<\/figcaption><\/figure>\n<p>Ce n\u2019est pas seulement un <strong>beau meuble<\/strong> : la <strong>commode Arbal\u00e8te<\/strong> est aussi une r\u00e9ponse concr\u00e8te aux besoins du quotidien.<br \/>\nDans une chambre, elle accueille ais\u00e9ment v\u00eatements pli\u00e9s, linge de lit ou accessoires.<br \/>\nDans un salon, elle devient meuble de compl\u00e9ment, buffet d\u2019appoint ou \u00e9crin discret pour vos essentiels.<\/p>\n<p><strong>Dimensions compactes<\/strong>, grande capacit\u00e9 de rangement, <strong>style facile \u00e0 marier<\/strong> : la commode Arbal\u00e8te est le genre d\u2019objet qui s\u2019int\u00e8gre sans imposer, qui <strong>sublime sans dominer<\/strong>.<\/p>\n<p>&nbsp;<\/p>\n<figure id=\"attachment_8184\" aria-describedby=\"caption-attachment-8184\" style=\"width: 292px\" class=\"wp-caption aligncenter\"><img loading=\"lazy\" decoding=\"async\" class=\" wp-image-8184\" src=\"https:\/\/www.robindesbois.com\/blog\/wp-content\/uploads\/2025\/04\/Jean-Francois-Oeben.jpg\" alt=\"\" width=\"292\" height=\"438\" srcset=\"https:\/\/www.robindesbois.com\/blog\/wp-content\/uploads\/2025\/04\/Jean-Francois-Oeben.jpg 1024w, https:\/\/www.robindesbois.com\/blog\/wp-content\/uploads\/2025\/04\/Jean-Francois-Oeben-200x300.jpg 200w, https:\/\/www.robindesbois.com\/blog\/wp-content\/uploads\/2025\/04\/Jean-Francois-Oeben-683x1024.jpg 683w, https:\/\/www.robindesbois.com\/blog\/wp-content\/uploads\/2025\/04\/Jean-Francois-Oeben-768x1152.jpg 768w, https:\/\/www.robindesbois.com\/blog\/wp-content\/uploads\/2025\/04\/Jean-Francois-Oeben-418x627.jpg 418w\" sizes=\"(max-width: 292px) 100vw, 292px\" \/><figcaption id=\"caption-attachment-8184\" class=\"wp-caption-text\">Jean-Francois Oeben Eb\u00e9niste de Louis XV<\/figcaption><\/figure>\n<p class=\"\" data-start=\"312\" data-end=\"534\">Il n\u2019existe pas un seul \u00e9b\u00e9niste \u00e0 l\u2019origine de la commode arbal\u00e8te : c\u2019est une <strong data-start=\"392\" data-end=\"413\">forme stylistique<\/strong> reprise par plusieurs \u00e9b\u00e9nistes r\u00e9put\u00e9s de l\u2019\u00e9poque. Parmi ceux qui ont r\u00e9alis\u00e9 des commodes de ce type, on peut citer :<\/p>\n<p class=\"\" data-start=\"312\" data-end=\"534\"><strong data-start=\"538\" data-end=\"561\">Jean-Fran\u00e7ois Oeben<\/strong> \u2013 c\u00e9l\u00e8bre \u00e9b\u00e9niste de Louis XV, connu pour ses meubles raffin\u00e9s \u00e0 m\u00e9canismes.<\/p>\n<p class=\"\" data-start=\"642\" data-end=\"780\"><strong data-start=\"642\" data-end=\"665\">Jean-Henri Riesener<\/strong> \u2013 successeur d\u2019Oeben, \u00e9b\u00e9niste de Marie-Antoinette, souvent associ\u00e9 aux commodes galb\u00e9es avec riches marqueteries.<\/p>\n<p class=\"\" data-start=\"783\" data-end=\"918\"><strong data-start=\"783\" data-end=\"819\">Roger Vandercruse Lacroix (RVLC)<\/strong> \u2013 tr\u00e8s actif dans le style Louis XV, avec des commodes \u00e0 lignes arbal\u00e8tes et d\u00e9cor en bronze dor\u00e9.<\/p>\n<h3><\/h3>\n<h2>Le charme des variations : Good Moon &amp; Alyssa<\/h2>\n<p>\u00c0 travers ses autres collections de commodes, <strong>Robindesbois.com<\/strong> explore diff\u00e9rents visages de ce meuble historique :<\/p>\n<h4><strong>Good Moon<\/strong><\/h4>\n<blockquote><p>Une <strong>commode 6 tiroirs<\/strong> \u00e0 plateau en ch\u00eane, avec une base blanche lumineuse. Parfaite pour les amateurs de style campagne chic ou bord de mer. Sa grande capacit\u00e9 en fait un alli\u00e9 de choix pour les familles organis\u00e9es.<\/p>\n<figure id=\"attachment_8178\" aria-describedby=\"caption-attachment-8178\" style=\"width: 660px\" class=\"wp-caption aligncenter\"><a href=\"https:\/\/www.robindesbois.com\/fr\/commodes\/1992-1405-goodmoon-double-commode-arbalete-satio.html#\/148-couleur-blanche\"><img loading=\"lazy\" decoding=\"async\" class=\" wp-image-8178\" src=\"https:\/\/www.robindesbois.com\/blog\/wp-content\/uploads\/2025\/04\/commode-double-plateau-chene-6-tiroirs-good-moon.jpg\" alt=\"\" width=\"660\" height=\"660\" srcset=\"https:\/\/www.robindesbois.com\/blog\/wp-content\/uploads\/2025\/04\/commode-double-plateau-chene-6-tiroirs-good-moon.jpg 1200w, https:\/\/www.robindesbois.com\/blog\/wp-content\/uploads\/2025\/04\/commode-double-plateau-chene-6-tiroirs-good-moon-300x300.jpg 300w, https:\/\/www.robindesbois.com\/blog\/wp-content\/uploads\/2025\/04\/commode-double-plateau-chene-6-tiroirs-good-moon-1024x1024.jpg 1024w, https:\/\/www.robindesbois.com\/blog\/wp-content\/uploads\/2025\/04\/commode-double-plateau-chene-6-tiroirs-good-moon-768x768.jpg 768w, https:\/\/www.robindesbois.com\/blog\/wp-content\/uploads\/2025\/04\/commode-double-plateau-chene-6-tiroirs-good-moon-150x150.jpg 150w, https:\/\/www.robindesbois.com\/blog\/wp-content\/uploads\/2025\/04\/commode-double-plateau-chene-6-tiroirs-good-moon-400x400.jpg 400w, https:\/\/www.robindesbois.com\/blog\/wp-content\/uploads\/2025\/04\/commode-double-plateau-chene-6-tiroirs-good-moon-418x418.jpg 418w, https:\/\/www.robindesbois.com\/blog\/wp-content\/uploads\/2025\/04\/commode-double-plateau-chene-6-tiroirs-good-moon-512x512.jpg 512w\" sizes=\"(max-width: 660px) 100vw, 660px\" \/><\/a><figcaption id=\"caption-attachment-8178\" class=\"wp-caption-text\">Commode Good Moon<\/figcaption><\/figure><\/blockquote>\n<p><a href=\"https:\/\/www.robindesbois.com\/fr\/commodes\/617-723-commode-double-plateau-chene-6-tiroirs-good-moon.html#\/148-couleur-blanche\">D\u00e9couvrir la commode Good Moon<\/a><\/p>\n<h4><strong>Alyssa<\/strong><\/h4>\n<blockquote><p>Une variation plus douce, avec une teinte blanche cass\u00e9e, un <strong>plateau en ch\u00eane naturel<\/strong>, et des lignes sobres. Les 6 tiroirs, \u00e0 la finition patin\u00e9e, \u00e9voquent les demeures familiales de nos souvenirs d\u2019enfance.<\/p>\n<figure id=\"attachment_8179\" aria-describedby=\"caption-attachment-8179\" style=\"width: 660px\" class=\"wp-caption aligncenter\"><a href=\"https:\/\/www.robindesbois.com\/fr\/commodes\/813-commode-blanche-plateau-chene-6-tiroirs-alyssa.html\"><img loading=\"lazy\" decoding=\"async\" class=\" wp-image-8179\" src=\"https:\/\/www.robindesbois.com\/blog\/wp-content\/uploads\/2025\/04\/commode-blanche-plateau-chene-6-tiroirs-alyssa.jpg\" alt=\"\" width=\"660\" height=\"660\" srcset=\"https:\/\/www.robindesbois.com\/blog\/wp-content\/uploads\/2025\/04\/commode-blanche-plateau-chene-6-tiroirs-alyssa.jpg 1200w, https:\/\/www.robindesbois.com\/blog\/wp-content\/uploads\/2025\/04\/commode-blanche-plateau-chene-6-tiroirs-alyssa-300x300.jpg 300w, https:\/\/www.robindesbois.com\/blog\/wp-content\/uploads\/2025\/04\/commode-blanche-plateau-chene-6-tiroirs-alyssa-1024x1024.jpg 1024w, https:\/\/www.robindesbois.com\/blog\/wp-content\/uploads\/2025\/04\/commode-blanche-plateau-chene-6-tiroirs-alyssa-768x768.jpg 768w, https:\/\/www.robindesbois.com\/blog\/wp-content\/uploads\/2025\/04\/commode-blanche-plateau-chene-6-tiroirs-alyssa-150x150.jpg 150w, https:\/\/www.robindesbois.com\/blog\/wp-content\/uploads\/2025\/04\/commode-blanche-plateau-chene-6-tiroirs-alyssa-400x400.jpg 400w, https:\/\/www.robindesbois.com\/blog\/wp-content\/uploads\/2025\/04\/commode-blanche-plateau-chene-6-tiroirs-alyssa-418x418.jpg 418w, https:\/\/www.robindesbois.com\/blog\/wp-content\/uploads\/2025\/04\/commode-blanche-plateau-chene-6-tiroirs-alyssa-512x512.jpg 512w\" sizes=\"(max-width: 660px) 100vw, 660px\" \/><\/a><figcaption id=\"caption-attachment-8179\" class=\"wp-caption-text\">Double Commode Arbal\u00e8te Alyssa<\/figcaption><\/figure><\/blockquote>\n<p><a href=\"https:\/\/www.robindesbois.com\/fr\/commodes\/813-commode-blanche-plateau-chene-6-tiroirs-alyssa.html\">Voir la commode Alyssa<\/a><\/p>\n<h3><\/h3>\n<h2>Nouveaut\u00e9 2025 : la commode Lauren, l\u2019\u00e9l\u00e9gance intemporel<\/h2>\n<p>Et pour les amateurs de lignes claires et d\u2019encombrement r\u00e9duit, Robindesbois.com d\u00e9voilera sa toute derni\u00e8re cr\u00e9ation : la <strong>commode Lauren<\/strong>.<\/p>\n<p>Inspir\u00e9e de la Good Moon mais en version <strong>compacte \u00e0 3 tiroirs<\/strong>, elle allie :<\/p>\n<ul>\n<li>Plateau en ch\u00eane clair l\u00e9g\u00e8rement bross\u00e9<\/li>\n<li>Corps blanc ou ivoire satin\u00e9<\/li>\n<li>Poign\u00e9es discr\u00e8tes en m\u00e9tal patin\u00e9<\/li>\n<li>Rendu visuel doux, <strong>parfait pour une chambre d\u2019enfant, une entr\u00e9e ou un bureau<\/strong><\/li>\n<\/ul>\n<p><strong>La commode Lauren<\/strong> incarne cette envie de meubles <strong>fonctionnels, durables et chaleureux<\/strong>, sans compromis sur le style.<\/p>\n<figure id=\"attachment_8182\" aria-describedby=\"caption-attachment-8182\" style=\"width: 658px\" class=\"wp-caption aligncenter\"><img loading=\"lazy\" decoding=\"async\" class=\" wp-image-8182\" src=\"https:\/\/www.robindesbois.com\/blog\/wp-content\/uploads\/2025\/04\/Commode-Lauren.png\" alt=\"\" width=\"658\" height=\"658\" srcset=\"https:\/\/www.robindesbois.com\/blog\/wp-content\/uploads\/2025\/04\/Commode-Lauren.png 1024w, https:\/\/www.robindesbois.com\/blog\/wp-content\/uploads\/2025\/04\/Commode-Lauren-300x300.png 300w, https:\/\/www.robindesbois.com\/blog\/wp-content\/uploads\/2025\/04\/Commode-Lauren-768x768.png 768w, https:\/\/www.robindesbois.com\/blog\/wp-content\/uploads\/2025\/04\/Commode-Lauren-150x150.png 150w, https:\/\/www.robindesbois.com\/blog\/wp-content\/uploads\/2025\/04\/Commode-Lauren-400x400.png 400w, https:\/\/www.robindesbois.com\/blog\/wp-content\/uploads\/2025\/04\/Commode-Lauren-418x418.png 418w, https:\/\/www.robindesbois.com\/blog\/wp-content\/uploads\/2025\/04\/Commode-Lauren-512x512.png 512w\" sizes=\"(max-width: 658px) 100vw, 658px\" \/><figcaption id=\"caption-attachment-8182\" class=\"wp-caption-text\">Tr\u00e8s bient\u00f4t chez robindesbois.com<\/figcaption><\/figure>\n<h2>Pourquoi choisir une commode Robindesbois.com ?<\/h2>\n<p><strong>Bois de qualit\u00e9<\/strong> s\u00e9lectionn\u00e9 avec soin (ch\u00eane, pin, panneaux techniques premium)<\/p>\n<p><strong>Fabrication dans nos propres ateliers familiaux<\/strong><\/p>\n<p><strong>Finition artisanale<\/strong>, \u00e0 la main, pour chaque pi\u00e8ce<\/p>\n<p><strong>Exp\u00e9dition rapide depuis la France<\/strong>, livraison en l\u2019Europe<\/p>\n<p><strong>Production raisonn\u00e9e<\/strong>, dans le respect des ressources naturelles<\/p>\n<figure id=\"attachment_8181\" aria-describedby=\"caption-attachment-8181\" style=\"width: 1920px\" class=\"wp-caption aligncenter\"><img loading=\"lazy\" decoding=\"async\" class=\"size-full wp-image-8181\" src=\"https:\/\/www.robindesbois.com\/blog\/wp-content\/uploads\/2025\/04\/florence.jpg\" alt=\"\" width=\"1920\" height=\"704\" srcset=\"https:\/\/www.robindesbois.com\/blog\/wp-content\/uploads\/2025\/04\/florence.jpg 1920w, https:\/\/www.robindesbois.com\/blog\/wp-content\/uploads\/2025\/04\/florence-300x110.jpg 300w, https:\/\/www.robindesbois.com\/blog\/wp-content\/uploads\/2025\/04\/florence-1024x375.jpg 1024w, https:\/\/www.robindesbois.com\/blog\/wp-content\/uploads\/2025\/04\/florence-768x282.jpg 768w, https:\/\/www.robindesbois.com\/blog\/wp-content\/uploads\/2025\/04\/florence-1536x563.jpg 1536w, https:\/\/www.robindesbois.com\/blog\/wp-content\/uploads\/2025\/04\/florence-418x153.jpg 418w\" sizes=\"(max-width: 1920px) 100vw, 1920px\" \/><figcaption id=\"caption-attachment-8181\" class=\"wp-caption-text\">Commode Good Moon<\/figcaption><\/figure>\n<h2>En conclusion : la commode, un essentiel de l\u2019ameublement<\/h2>\n<p>Pratique, esth\u00e9tique, modulaire, la commode traverse les tendances avec la m\u00eame douceur que le grain du bois sous la main.<br \/>\nQu\u2019elle soit g\u00e9n\u00e9reuse comme la <a href=\"https:\/\/www.robindesbois.com\/fr\/commodes\/617-723-commode-double-plateau-chene-6-tiroirs-good-moon.html#\/148-couleur-blanche\"><strong>Good Moon<\/strong><\/a>, douce comme l\u2019<a href=\"https:\/\/www.robindesbois.com\/fr\/commodes\/813-commode-blanche-plateau-chene-6-tiroirs-alyssa.html\"><strong>Alyssa<\/strong><\/a>, ou classique comme la <a href=\"https:\/\/www.robindesbois.com\/fr\/commodes\/1987-diana-commode-arbalete-en-chene-satio.html\"><strong>Diana<\/strong><\/a>, elle affirme une m\u00eame promesse : <strong>offrir du rangement qui a de l\u2019\u00e2me<\/strong>.<\/p>\n<p>D\u00e9couvrez toute notre collection de commodes sur <a href=\"https:\/\/www.robindesbois.com\/fr\/commodes\">www.robindesbois.com<\/a><\/p>\n<p>&nbsp;<\/p>\n","protected":false},"excerpt":{"rendered":"<p>La commode Arbal\u00e8te : un meuble d\u2019hier et d\u2019aujourd\u2019hui Elle a travers\u00e9 les si\u00e8cles, les styles, les r\u00e9volutions. La commode, cette fid\u00e8le complice du rangement domestique, continue de r\u00e9gner dans nos int\u00e9rieurs avec une noblesse tranquille. Et chez Robindesbois.com, elle se d\u00e9cline avec caract\u00e8re, \u00e9l\u00e9gance et durabilit\u00e9. Focus sur une ic\u00f4ne r\u00e9interpr\u00e9t\u00e9e avec talent :&#8230;<\/p>\n","protected":false},"author":6,"featured_media":8192,"comment_status":"closed","ping_status":"closed","sticky":false,"template":"","format":"standard","meta":{"footnotes":""},"categories":[1],"tags":[],"class_list":["post-8173","post","type-post","status-publish","format-standard","has-post-thumbnail","hentry","category-actualite"],"yoast_head":"<!-- This site is optimized with the Yoast SEO plugin v26.6 - https:\/\/yoast.com\/wordpress\/plugins\/seo\/ -->\n<title>La commode arbal\u00e8te<\/title>\n<meta name=\"description\" content=\"D\u00e9couvrez l\u2019histoire et les caract\u00e9ristiques de la commode arbal\u00e8te, embl\u00e8me du style Louis XV. Un meuble galb\u00e9 au charme intemporel, entre \u00e9l\u00e9gance et savoir-faire.\" \/>\n<meta name=\"robots\" content=\"index, follow, max-snippet:-1, max-image-preview:large, max-video-preview:-1\" \/>\n<link rel=\"canonical\" href=\"https:\/\/www.robindesbois.com\/blog\/commode-arbalete-style-histoire-conseils\/\" \/>\n<meta property=\"og:locale\" content=\"fr_FR\" \/>\n<meta property=\"og:type\" content=\"article\" \/>\n<meta property=\"og:title\" content=\"La commode arbal\u00e8te\" \/>\n<meta property=\"og:description\" content=\"D\u00e9couvrez l\u2019histoire et les caract\u00e9ristiques de la commode arbal\u00e8te, embl\u00e8me du style Louis XV. Un meuble galb\u00e9 au charme intemporel, entre \u00e9l\u00e9gance et savoir-faire.\" \/>\n<meta property=\"og:url\" content=\"https:\/\/www.robindesbois.com\/blog\/commode-arbalete-style-histoire-conseils\/\" \/>\n<meta property=\"og:site_name\" content=\"Le Blog de Robin des Bois\" \/>\n<meta property=\"article:published_time\" content=\"2025-04-22T06:04:31+00:00\" \/>\n<meta property=\"article:modified_time\" content=\"2025-12-24T10:51:03+00:00\" \/>\n<meta property=\"og:image\" content=\"https:\/\/www.robindesbois.com\/blog\/wp-content\/uploads\/2025\/04\/commode-1.jpg\" \/>\n\t<meta property=\"og:image:width\" content=\"1200\" \/>\n\t<meta property=\"og:image:height\" content=\"1200\" \/>\n\t<meta property=\"og:image:type\" content=\"image\/jpeg\" \/>\n<meta name=\"author\" content=\"Ali\u00e9nor de Saint-Albane\" \/>\n<meta name=\"twitter:card\" content=\"summary_large_image\" \/>\n<meta name=\"twitter:label1\" content=\"\u00c9crit par\" \/>\n\t<meta name=\"twitter:data1\" content=\"Ali\u00e9nor de Saint-Albane\" \/>\n\t<meta name=\"twitter:label2\" content=\"Dur\u00e9e de lecture estim\u00e9e\" \/>\n\t<meta name=\"twitter:data2\" content=\"6 minutes\" \/>\n<script type=\"application\/ld+json\" class=\"yoast-schema-graph\">{\"@context\":\"https:\/\/schema.org\",\"@graph\":[{\"@type\":\"WebPage\",\"@id\":\"https:\/\/www.robindesbois.com\/blog\/commode-arbalete-style-histoire-conseils\/\",\"url\":\"https:\/\/www.robindesbois.com\/blog\/commode-arbalete-style-histoire-conseils\/\",\"name\":\"La commode arbal\u00e8te\",\"isPartOf\":{\"@id\":\"https:\/\/www.robindesbois.com\/blog\/#website\"},\"primaryImageOfPage\":{\"@id\":\"https:\/\/www.robindesbois.com\/blog\/commode-arbalete-style-histoire-conseils\/#primaryimage\"},\"image\":{\"@id\":\"https:\/\/www.robindesbois.com\/blog\/commode-arbalete-style-histoire-conseils\/#primaryimage\"},\"thumbnailUrl\":\"https:\/\/www.robindesbois.com\/blog\/wp-content\/uploads\/2025\/04\/commode-1.jpg\",\"datePublished\":\"2025-04-22T06:04:31+00:00\",\"dateModified\":\"2025-12-24T10:51:03+00:00\",\"author\":{\"@id\":\"https:\/\/www.robindesbois.com\/blog\/#\/schema\/person\/f981a9cc293019074488806b3c6754b6\"},\"description\":\"D\u00e9couvrez l\u2019histoire et les caract\u00e9ristiques de la commode arbal\u00e8te, embl\u00e8me du style Louis XV. Un meuble galb\u00e9 au charme intemporel, entre \u00e9l\u00e9gance et savoir-faire.\",\"breadcrumb\":{\"@id\":\"https:\/\/www.robindesbois.com\/blog\/commode-arbalete-style-histoire-conseils\/#breadcrumb\"},\"inLanguage\":\"fr-FR\",\"potentialAction\":[{\"@type\":\"ReadAction\",\"target\":[\"https:\/\/www.robindesbois.com\/blog\/commode-arbalete-style-histoire-conseils\/\"]}]},{\"@type\":\"ImageObject\",\"inLanguage\":\"fr-FR\",\"@id\":\"https:\/\/www.robindesbois.com\/blog\/commode-arbalete-style-histoire-conseils\/#primaryimage\",\"url\":\"https:\/\/www.robindesbois.com\/blog\/wp-content\/uploads\/2025\/04\/commode-1.jpg\",\"contentUrl\":\"https:\/\/www.robindesbois.com\/blog\/wp-content\/uploads\/2025\/04\/commode-1.jpg\",\"width\":1200,\"height\":1200},{\"@type\":\"BreadcrumbList\",\"@id\":\"https:\/\/www.robindesbois.com\/blog\/commode-arbalete-style-histoire-conseils\/#breadcrumb\",\"itemListElement\":[{\"@type\":\"ListItem\",\"position\":1,\"name\":\"Accueil\",\"item\":\"https:\/\/www.robindesbois.com\/blog\/\"},{\"@type\":\"ListItem\",\"position\":2,\"name\":\"La commode Arbal\u00e8te\"}]},{\"@type\":\"WebSite\",\"@id\":\"https:\/\/www.robindesbois.com\/blog\/#website\",\"url\":\"https:\/\/www.robindesbois.com\/blog\/\",\"name\":\"Le Blog de Robin des Bois\",\"description\":\"Des meubles qui racontent une histoire...\",\"potentialAction\":[{\"@type\":\"SearchAction\",\"target\":{\"@type\":\"EntryPoint\",\"urlTemplate\":\"https:\/\/www.robindesbois.com\/blog\/?s={search_term_string}\"},\"query-input\":{\"@type\":\"PropertyValueSpecification\",\"valueRequired\":true,\"valueName\":\"search_term_string\"}}],\"inLanguage\":\"fr-FR\"},{\"@type\":\"Person\",\"@id\":\"https:\/\/www.robindesbois.com\/blog\/#\/schema\/person\/f981a9cc293019074488806b3c6754b6\",\"name\":\"Ali\u00e9nor de Saint-Albane\",\"sameAs\":[\"http:\/\/www.robindesbois.com\"]}]}<\/script>\n<!-- \/ Yoast SEO plugin. -->","yoast_head_json":{"title":"La commode arbal\u00e8te","description":"D\u00e9couvrez l\u2019histoire et les caract\u00e9ristiques de la commode arbal\u00e8te, embl\u00e8me du style Louis XV. Un meuble galb\u00e9 au charme intemporel, entre \u00e9l\u00e9gance et savoir-faire.","robots":{"index":"index","follow":"follow","max-snippet":"max-snippet:-1","max-image-preview":"max-image-preview:large","max-video-preview":"max-video-preview:-1"},"canonical":"https:\/\/www.robindesbois.com\/blog\/commode-arbalete-style-histoire-conseils\/","og_locale":"fr_FR","og_type":"article","og_title":"La commode arbal\u00e8te","og_description":"D\u00e9couvrez l\u2019histoire et les caract\u00e9ristiques de la commode arbal\u00e8te, embl\u00e8me du style Louis XV. Un meuble galb\u00e9 au charme intemporel, entre \u00e9l\u00e9gance et savoir-faire.","og_url":"https:\/\/www.robindesbois.com\/blog\/commode-arbalete-style-histoire-conseils\/","og_site_name":"Le Blog de Robin des Bois","article_published_time":"2025-04-22T06:04:31+00:00","article_modified_time":"2025-12-24T10:51:03+00:00","og_image":[{"width":1200,"height":1200,"url":"https:\/\/www.robindesbois.com\/blog\/wp-content\/uploads\/2025\/04\/commode-1.jpg","type":"image\/jpeg"}],"author":"Ali\u00e9nor de Saint-Albane","twitter_card":"summary_large_image","twitter_misc":{"\u00c9crit par":"Ali\u00e9nor de Saint-Albane","Dur\u00e9e de lecture estim\u00e9e":"6 minutes"},"schema":{"@context":"https:\/\/schema.org","@graph":[{"@type":"WebPage","@id":"https:\/\/www.robindesbois.com\/blog\/commode-arbalete-style-histoire-conseils\/","url":"https:\/\/www.robindesbois.com\/blog\/commode-arbalete-style-histoire-conseils\/","name":"La commode arbal\u00e8te","isPartOf":{"@id":"https:\/\/www.robindesbois.com\/blog\/#website"},"primaryImageOfPage":{"@id":"https:\/\/www.robindesbois.com\/blog\/commode-arbalete-style-histoire-conseils\/#primaryimage"},"image":{"@id":"https:\/\/www.robindesbois.com\/blog\/commode-arbalete-style-histoire-conseils\/#primaryimage"},"thumbnailUrl":"https:\/\/www.robindesbois.com\/blog\/wp-content\/uploads\/2025\/04\/commode-1.jpg","datePublished":"2025-04-22T06:04:31+00:00","dateModified":"2025-12-24T10:51:03+00:00","author":{"@id":"https:\/\/www.robindesbois.com\/blog\/#\/schema\/person\/f981a9cc293019074488806b3c6754b6"},"description":"D\u00e9couvrez l\u2019histoire et les caract\u00e9ristiques de la commode arbal\u00e8te, embl\u00e8me du style Louis XV. Un meuble galb\u00e9 au charme intemporel, entre \u00e9l\u00e9gance et savoir-faire.","breadcrumb":{"@id":"https:\/\/www.robindesbois.com\/blog\/commode-arbalete-style-histoire-conseils\/#breadcrumb"},"inLanguage":"fr-FR","potentialAction":[{"@type":"ReadAction","target":["https:\/\/www.robindesbois.com\/blog\/commode-arbalete-style-histoire-conseils\/"]}]},{"@type":"ImageObject","inLanguage":"fr-FR","@id":"https:\/\/www.robindesbois.com\/blog\/commode-arbalete-style-histoire-conseils\/#primaryimage","url":"https:\/\/www.robindesbois.com\/blog\/wp-content\/uploads\/2025\/04\/commode-1.jpg","contentUrl":"https:\/\/www.robindesbois.com\/blog\/wp-content\/uploads\/2025\/04\/commode-1.jpg","width":1200,"height":1200},{"@type":"BreadcrumbList","@id":"https:\/\/www.robindesbois.com\/blog\/commode-arbalete-style-histoire-conseils\/#breadcrumb","itemListElement":[{"@type":"ListItem","position":1,"name":"Accueil","item":"https:\/\/www.robindesbois.com\/blog\/"},{"@type":"ListItem","position":2,"name":"La commode Arbal\u00e8te"}]},{"@type":"WebSite","@id":"https:\/\/www.robindesbois.com\/blog\/#website","url":"https:\/\/www.robindesbois.com\/blog\/","name":"Le Blog de Robin des Bois","description":"Des meubles qui racontent une histoire...","potentialAction":[{"@type":"SearchAction","target":{"@type":"EntryPoint","urlTemplate":"https:\/\/www.robindesbois.com\/blog\/?s={search_term_string}"},"query-input":{"@type":"PropertyValueSpecification","valueRequired":true,"valueName":"search_term_string"}}],"inLanguage":"fr-FR"},{"@type":"Person","@id":"https:\/\/www.robindesbois.com\/blog\/#\/schema\/person\/f981a9cc293019074488806b3c6754b6","name":"Ali\u00e9nor de Saint-Albane","sameAs":["http:\/\/www.robindesbois.com"]}]}},"_links":{"self":[{"href":"https:\/\/www.robindesbois.com\/blog\/wp-json\/wp\/v2\/posts\/8173","targetHints":{"allow":["GET"]}}],"collection":[{"href":"https:\/\/www.robindesbois.com\/blog\/wp-json\/wp\/v2\/posts"}],"about":[{"href":"https:\/\/www.robindesbois.com\/blog\/wp-json\/wp\/v2\/types\/post"}],"author":[{"embeddable":true,"href":"https:\/\/www.robindesbois.com\/blog\/wp-json\/wp\/v2\/users\/6"}],"replies":[{"embeddable":true,"href":"https:\/\/www.robindesbois.com\/blog\/wp-json\/wp\/v2\/comments?post=8173"}],"version-history":[{"count":12,"href":"https:\/\/www.robindesbois.com\/blog\/wp-json\/wp\/v2\/posts\/8173\/revisions"}],"predecessor-version":[{"id":8209,"href":"https:\/\/www.robindesbois.com\/blog\/wp-json\/wp\/v2\/posts\/8173\/revisions\/8209"}],"wp:featuredmedia":[{"embeddable":true,"href":"https:\/\/www.robindesbois.com\/blog\/wp-json\/wp\/v2\/media\/8192"}],"wp:attachment":[{"href":"https:\/\/www.robindesbois.com\/blog\/wp-json\/wp\/v2\/media?parent=8173"}],"wp:term":[{"taxonomy":"category","embeddable":true,"href":"https:\/\/www.robindesbois.com\/blog\/wp-json\/wp\/v2\/categories?post=8173"},{"taxonomy":"post_tag","embeddable":true,"href":"https:\/\/www.robindesbois.com\/blog\/wp-json\/wp\/v2\/tags?post=8173"}],"curies":[{"name":"wp","href":"https:\/\/api.w.org\/{rel}","templated":true}]}}