{"id":7476,"date":"2021-03-17T18:09:40","date_gmt":"2021-03-17T18:09:40","guid":{"rendered":"https:\/\/www.robindesbois.com\/blog\/?p=7476"},"modified":"2025-12-24T11:44:23","modified_gmt":"2025-12-24T10:44:23","slug":"bibliotheque-buffet-commode-bien-choisir-son-meuble-de-rangement","status":"publish","type":"post","link":"https:\/\/www.robindesbois.com\/blog\/bibliotheque-buffet-commode-bien-choisir-son-meuble-de-rangement\/","title":{"rendered":"Biblioth\u00e8que, buffet, commode\u2026 bien choisir son meuble de rangement"},"content":{"rendered":"\t\t<div data-elementor-type=\"wp-post\" data-elementor-id=\"7476\" class=\"elementor elementor-7476\" data-elementor-post-type=\"post\">\n\t\t\t\t\t\t<section class=\"elementor-section elementor-top-section elementor-element elementor-element-12a8200 elementor-section-boxed elementor-section-height-default elementor-section-height-default\" data-id=\"12a8200\" data-element_type=\"section\" data-e-type=\"section\">\n\t\t\t\t\t\t<div class=\"elementor-container elementor-column-gap-default\">\n\t\t\t\t\t<div class=\"elementor-column elementor-col-100 elementor-top-column elementor-element elementor-element-9fb6a5b\" data-id=\"9fb6a5b\" data-element_type=\"column\" data-e-type=\"column\">\n\t\t\t<div class=\"elementor-widget-wrap elementor-element-populated\">\n\t\t\t\t\t\t<div class=\"elementor-element elementor-element-4aaf030 elementor-widget elementor-widget-text-editor\" data-id=\"4aaf030\" data-element_type=\"widget\" data-e-type=\"widget\" data-widget_type=\"text-editor.default\">\n\t\t\t\t<div class=\"elementor-widget-container\">\n\t\t\t\t\t\t\t\t\t<p><b>\u00c9l\u00e9ments essentiels d\u2019un int\u00e9rieur \u00e0 la fois beau et bien ordonn\u00e9, les meubles de rangement doivent \u00eatre choisis avec soin que ce soit pour le salon, la salle \u00e0 manger ou la chambre. Il s&#8217;agit tout autant de pr\u00eater attention \u00e0 la ligne et \u00e0 l&#8217;esth\u00e9tique du meuble pour qu&#8217;il s&#8217;accorde avec le reste de la pi\u00e8ce que de choisir un mode de rangement adapt\u00e9 \u00e0 ce qui y sera rang\u00e9.<\/b><span style=\"font-weight: 400;\">\u00a0<\/span><\/p><p><span style=\"font-weight: 400;\">La biblioth\u00e8que pour les livres, le buffet pour la vaisselle, la commode pour les v\u00eatements et le linge de maison\u2026 La r\u00e9partition est un peu caricaturale mais elle correspond bien \u00e0 la fonction et \u00e0 l&#8217;utilit\u00e9 de chacun de ces meubles.\u00a0<\/span><\/p><p><span style=\"font-weight: 400;\">Comme souvent pour l\u2019achat d\u2019un nouveau meuble, il convient donc de r\u00e9fl\u00e9chir au pr\u00e9alable \u00e0 l\u2019utilisation qu\u2019on en aura en se posant les bonnes questions : Quels objets seront rang\u00e9s dedans ? Quel volume y sera stock\u00e9 ? \u00c0 quelle fr\u00e9quence sera-t-il utilis\u00e9 et par qui ? Quel sera son emplacement dans la pi\u00e8ce ?<\/span><\/p>\t\t\t\t\t\t\t\t<\/div>\n\t\t\t\t<\/div>\n\t\t\t\t<div class=\"elementor-element elementor-element-8298fbc elementor-widget elementor-widget-spacer\" data-id=\"8298fbc\" data-element_type=\"widget\" data-e-type=\"widget\" data-widget_type=\"spacer.default\">\n\t\t\t\t<div class=\"elementor-widget-container\">\n\t\t\t\t\t\t\t<div class=\"elementor-spacer\">\n\t\t\t<div class=\"elementor-spacer-inner\"><\/div>\n\t\t<\/div>\n\t\t\t\t\t\t<\/div>\n\t\t\t\t<\/div>\n\t\t\t\t\t<\/div>\n\t\t<\/div>\n\t\t\t\t\t<\/div>\n\t\t<\/section>\n\t\t\t\t<section class=\"elementor-section elementor-top-section elementor-element elementor-element-d136dc6 elementor-section-boxed elementor-section-height-default elementor-section-height-default\" data-id=\"d136dc6\" data-element_type=\"section\" data-e-type=\"section\">\n\t\t\t\t\t\t<div class=\"elementor-container elementor-column-gap-default\">\n\t\t\t\t\t<div class=\"elementor-column elementor-col-100 elementor-top-column elementor-element elementor-element-360be2a\" data-id=\"360be2a\" data-element_type=\"column\" data-e-type=\"column\">\n\t\t\t<div class=\"elementor-widget-wrap elementor-element-populated\">\n\t\t\t\t\t\t<div class=\"elementor-element elementor-element-c7f1e48 elementor-widget elementor-widget-heading\" data-id=\"c7f1e48\" data-element_type=\"widget\" data-e-type=\"widget\" data-widget_type=\"heading.default\">\n\t\t\t\t<div class=\"elementor-widget-container\">\n\t\t\t\t\t<h2 class=\"elementor-heading-title elementor-size-default\">La biblioth\u00e8que dans le salon<\/h2>\t\t\t\t<\/div>\n\t\t\t\t<\/div>\n\t\t\t\t<div class=\"elementor-element elementor-element-4abdf17 elementor-widget elementor-widget-text-editor\" data-id=\"4abdf17\" data-element_type=\"widget\" data-e-type=\"widget\" data-widget_type=\"text-editor.default\">\n\t\t\t\t<div class=\"elementor-widget-container\">\n\t\t\t\t\t\t\t\t\t<p><span style=\"font-weight: 400;\">Comme l&#8217;\u00e9tymologie de son nom l\u2019indique, la biblioth\u00e8que est principalement con\u00e7ue pour ranger les livres et occupe donc une place de choix dans un salon ou dans un bureau. De tailles et de compositions tr\u00e8s vari\u00e9es, elle peut \u00eatre un simple petit meuble bas comme <\/span><span style=\"text-decoration: underline;\"><strong><a href=\"https:\/\/www.robindesbois.com\/etageres\/320-etagere-basse-sartre-bois-et-metal.html\">l\u2019\u00e9tag\u00e8re basse Sartre<\/a><\/strong><\/span><span style=\"font-weight: 400;\">, un rangement haut et large, rassemblant \u00e9ventuellement plusieurs \u00e9l\u00e9ments comme la <\/span><span style=\"text-decoration: underline;\"><strong><a href=\"https:\/\/www.robindesbois.com\/bibliotheques\/635-bibliotheque-en-chene-clair-rive-gauche.html\">biblioth\u00e8que Rive Gauche <\/a><\/strong><\/span><span style=\"font-weight: 400;\">ou un composable sur mesure qui prend la forme que l&#8217;on souhaite quelques soient les contraintes.<\/span><\/p>\t\t\t\t\t\t\t\t<\/div>\n\t\t\t\t<\/div>\n\t\t\t\t<div class=\"elementor-element elementor-element-4f5c3af elementor-widget elementor-widget-image\" data-id=\"4f5c3af\" data-element_type=\"widget\" data-e-type=\"widget\" data-widget_type=\"image.default\">\n\t\t\t\t<div class=\"elementor-widget-container\">\n\t\t\t\t\t\t\t\t\t\t\t\t<figure class=\"wp-caption\">\n\t\t\t\t\t\t\t\t\t\t<img fetchpriority=\"high\" decoding=\"async\" width=\"475\" height=\"475\" src=\"https:\/\/www.robindesbois.com\/blog\/wp-content\/uploads\/2021\/03\/\u00e9tag\u00e8re-basse-sartre-bois-et-m\u00e9tal.jpg\" class=\"attachment-large size-large wp-image-7482\" alt=\"\" srcset=\"https:\/\/www.robindesbois.com\/blog\/wp-content\/uploads\/2021\/03\/\u00e9tag\u00e8re-basse-sartre-bois-et-m\u00e9tal.jpg 475w, https:\/\/www.robindesbois.com\/blog\/wp-content\/uploads\/2021\/03\/\u00e9tag\u00e8re-basse-sartre-bois-et-m\u00e9tal-300x300.jpg 300w, https:\/\/www.robindesbois.com\/blog\/wp-content\/uploads\/2021\/03\/\u00e9tag\u00e8re-basse-sartre-bois-et-m\u00e9tal-150x150.jpg 150w, https:\/\/www.robindesbois.com\/blog\/wp-content\/uploads\/2021\/03\/\u00e9tag\u00e8re-basse-sartre-bois-et-m\u00e9tal-400x400.jpg 400w, https:\/\/www.robindesbois.com\/blog\/wp-content\/uploads\/2021\/03\/\u00e9tag\u00e8re-basse-sartre-bois-et-m\u00e9tal-418x418.jpg 418w, https:\/\/www.robindesbois.com\/blog\/wp-content\/uploads\/2021\/03\/\u00e9tag\u00e8re-basse-sartre-bois-et-m\u00e9tal-286x286.jpg 286w, https:\/\/www.robindesbois.com\/blog\/wp-content\/uploads\/2021\/03\/\u00e9tag\u00e8re-basse-sartre-bois-et-m\u00e9tal-450x450.jpg 450w\" sizes=\"(max-width: 475px) 100vw, 475px\" \/>\t\t\t\t\t\t\t\t\t\t\t<figcaption class=\"widget-image-caption wp-caption-text\">Etag\u00e8re basse Sartre<\/figcaption>\n\t\t\t\t\t\t\t\t\t\t<\/figure>\n\t\t\t\t\t\t\t\t\t<\/div>\n\t\t\t\t<\/div>\n\t\t\t\t<div class=\"elementor-element elementor-element-2e21713 elementor-widget elementor-widget-text-editor\" data-id=\"2e21713\" data-element_type=\"widget\" data-e-type=\"widget\" data-widget_type=\"text-editor.default\">\n\t\t\t\t<div class=\"elementor-widget-container\">\n\t\t\t\t\t\t\t\t\t<p><span style=\"font-weight: 400;\">Selon les besoins, elle peut \u00eatre \u00e9quip\u00e9e de portes, plut\u00f4t positionn\u00e9es en partie basse, ou de tiroirs. Elle peut \u00e9galement int\u00e9grer un bloc pour la t\u00e9l\u00e9vision ou une tablette qui fait office de bureau.<\/span><\/p><p style=\"text-align: center;\"><strong><em>Notre s\u00e9lection de biblioth\u00e8ques : Rive Gauche, <a href=\"https:\/\/www.robindesbois.com\/bibliotheques\/249-bibliotheque-francois.html\">Fran\u00e7ois<\/a>, <a href=\"https:\/\/www.robindesbois.com\/bibliotheques\/211-bibliotheque-gustave.html\">Gustave<\/a>, <a href=\"https:\/\/www.robindesbois.com\/etageres\/299-etagere-bibliotheque-marcus.html\">Marcus<\/a><\/em><\/strong><\/p>\t\t\t\t\t\t\t\t<\/div>\n\t\t\t\t<\/div>\n\t\t\t\t<div class=\"elementor-element elementor-element-b7f72e5 elementor-arrows-position-inside elementor-widget elementor-widget-image-carousel\" data-id=\"b7f72e5\" data-element_type=\"widget\" data-e-type=\"widget\" data-settings=\"{&quot;slides_to_show&quot;:&quot;1&quot;,&quot;navigation&quot;:&quot;arrows&quot;,&quot;autoplay&quot;:&quot;yes&quot;,&quot;pause_on_hover&quot;:&quot;yes&quot;,&quot;pause_on_interaction&quot;:&quot;yes&quot;,&quot;autoplay_speed&quot;:5000,&quot;infinite&quot;:&quot;yes&quot;,&quot;effect&quot;:&quot;slide&quot;,&quot;speed&quot;:500}\" data-widget_type=\"image-carousel.default\">\n\t\t\t\t<div class=\"elementor-widget-container\">\n\t\t\t\t\t\t\t<div class=\"elementor-image-carousel-wrapper swiper\" role=\"region\" aria-roledescription=\"carousel\" aria-label=\"Carrousel d\u2019images\" dir=\"ltr\">\n\t\t\t<div class=\"elementor-image-carousel swiper-wrapper\" aria-live=\"off\">\n\t\t\t\t\t\t\t\t<div class=\"swiper-slide\" role=\"group\" aria-roledescription=\"slide\" aria-label=\"1 sur 5\"><figure class=\"swiper-slide-inner\"><img decoding=\"async\" class=\"swiper-slide-image\" src=\"https:\/\/www.robindesbois.com\/blog\/wp-content\/uploads\/2021\/03\/bibliotheque-en-chene-clair-rive-gauche-450x450.jpg\" alt=\"Biblioth\u00e8que Rive Gauche\" \/><figcaption class=\"elementor-image-carousel-caption\">Biblioth\u00e8que Rive Gauche<\/figcaption><\/figure><\/div><div class=\"swiper-slide\" role=\"group\" aria-roledescription=\"slide\" aria-label=\"2 sur 5\"><figure class=\"swiper-slide-inner\"><img decoding=\"async\" class=\"swiper-slide-image\" src=\"https:\/\/www.robindesbois.com\/blog\/wp-content\/uploads\/2021\/03\/bibliotheque-francois-450x450.jpg\" alt=\"Biblioth\u00e8que Fran\u00e7ois patine antiquaire Shabby chic\" \/><figcaption class=\"elementor-image-carousel-caption\">Biblioth\u00e8que Fran\u00e7ois<\/figcaption><\/figure><\/div><div class=\"swiper-slide\" role=\"group\" aria-roledescription=\"slide\" aria-label=\"3 sur 5\"><figure class=\"swiper-slide-inner\"><img decoding=\"async\" class=\"swiper-slide-image\" src=\"https:\/\/www.robindesbois.com\/blog\/wp-content\/uploads\/2021\/03\/bibliotheque-gustave-450x450.jpg\" alt=\"Biblioth\u00e8que Gustave\" \/><figcaption class=\"elementor-image-carousel-caption\">Biblioth\u00e8que Gustave<\/figcaption><\/figure><\/div><div class=\"swiper-slide\" role=\"group\" aria-roledescription=\"slide\" aria-label=\"4 sur 5\"><figure class=\"swiper-slide-inner\"><img decoding=\"async\" class=\"swiper-slide-image\" src=\"https:\/\/www.robindesbois.com\/blog\/wp-content\/uploads\/2021\/03\/biblioth\u00e8que-\u00e0-\u00e9chelle-luberon-450x450.jpg\" alt=\"Biblioth\u00e8que \u00e0 \u00e9chelle Lub\u00e9ron\" \/><figcaption class=\"elementor-image-carousel-caption\">Biblioth\u00e8que \u00e0 \u00e9chelle Lub\u00e9ron<\/figcaption><\/figure><\/div><div class=\"swiper-slide\" role=\"group\" aria-roledescription=\"slide\" aria-label=\"5 sur 5\"><figure class=\"swiper-slide-inner\"><img decoding=\"async\" class=\"swiper-slide-image\" src=\"https:\/\/www.robindesbois.com\/blog\/wp-content\/uploads\/2021\/03\/\u00e9tag\u00e8re-biblioth\u00e8que-marcus-450x450.jpg\" alt=\"Biblioth\u00e8que Marcus\" \/><figcaption class=\"elementor-image-carousel-caption\">Biblioth\u00e8que Marcus<\/figcaption><\/figure><\/div>\t\t\t<\/div>\n\t\t\t\t\t\t\t\t\t\t\t\t<div class=\"elementor-swiper-button elementor-swiper-button-prev\" role=\"button\" tabindex=\"0\">\n\t\t\t\t\t\t<i aria-hidden=\"true\" class=\"eicon-chevron-left\"><\/i>\t\t\t\t\t<\/div>\n\t\t\t\t\t<div class=\"elementor-swiper-button elementor-swiper-button-next\" role=\"button\" tabindex=\"0\">\n\t\t\t\t\t\t<i aria-hidden=\"true\" class=\"eicon-chevron-right\"><\/i>\t\t\t\t\t<\/div>\n\t\t\t\t\n\t\t\t\t\t\t\t\t\t<\/div>\n\t\t\t\t\t\t<\/div>\n\t\t\t\t<\/div>\n\t\t\t\t<div class=\"elementor-element elementor-element-4af08b3 elementor-widget elementor-widget-spacer\" data-id=\"4af08b3\" data-element_type=\"widget\" data-e-type=\"widget\" data-widget_type=\"spacer.default\">\n\t\t\t\t<div class=\"elementor-widget-container\">\n\t\t\t\t\t\t\t<div class=\"elementor-spacer\">\n\t\t\t<div class=\"elementor-spacer-inner\"><\/div>\n\t\t<\/div>\n\t\t\t\t\t\t<\/div>\n\t\t\t\t<\/div>\n\t\t\t\t\t<\/div>\n\t\t<\/div>\n\t\t\t\t\t<\/div>\n\t\t<\/section>\n\t\t\t\t<section class=\"elementor-section elementor-top-section elementor-element elementor-element-8f004a0 elementor-section-boxed elementor-section-height-default elementor-section-height-default\" data-id=\"8f004a0\" data-element_type=\"section\" data-e-type=\"section\">\n\t\t\t\t\t\t<div class=\"elementor-container elementor-column-gap-default\">\n\t\t\t\t\t<div class=\"elementor-column elementor-col-100 elementor-top-column elementor-element elementor-element-566cf5e\" data-id=\"566cf5e\" data-element_type=\"column\" data-e-type=\"column\">\n\t\t\t<div class=\"elementor-widget-wrap elementor-element-populated\">\n\t\t\t\t\t\t<div class=\"elementor-element elementor-element-b916678 elementor-widget elementor-widget-heading\" data-id=\"b916678\" data-element_type=\"widget\" data-e-type=\"widget\" data-widget_type=\"heading.default\">\n\t\t\t\t<div class=\"elementor-widget-container\">\n\t\t\t\t\t<h2 class=\"elementor-heading-title elementor-size-default\">Le buffet dans la salle \u00e0 manger<\/h2>\t\t\t\t<\/div>\n\t\t\t\t<\/div>\n\t\t\t\t<div class=\"elementor-element elementor-element-2ccd2eb elementor-widget elementor-widget-text-editor\" data-id=\"2ccd2eb\" data-element_type=\"widget\" data-e-type=\"widget\" data-widget_type=\"text-editor.default\">\n\t\t\t\t<div class=\"elementor-widget-container\">\n\t\t\t\t\t\t\t\t\t<p><span style=\"font-weight: 400;\">\u00c9galement appel\u00e9 bahut ou enfilade selon les r\u00e9gions, le buffet a pour fonction principale le rangement de la vaisselle, des couverts, du linge de table ou des aliments d\u2019\u00e9picerie sal\u00e9e ou sucr\u00e9e. Il trouve donc tout naturellement sa place dans la salle \u00e0 manger ou parfois la cuisine.<\/span><\/p>\t\t\t\t\t\t\t\t<\/div>\n\t\t\t\t<\/div>\n\t\t\t\t<div class=\"elementor-element elementor-element-400c622 elementor-widget elementor-widget-image\" data-id=\"400c622\" data-element_type=\"widget\" data-e-type=\"widget\" data-widget_type=\"image.default\">\n\t\t\t\t<div class=\"elementor-widget-container\">\n\t\t\t\t\t\t\t\t\t\t\t\t<figure class=\"wp-caption\">\n\t\t\t\t\t\t\t\t\t\t<img decoding=\"async\" width=\"500\" height=\"500\" src=\"https:\/\/www.robindesbois.com\/blog\/wp-content\/uploads\/2021\/03\/grand-buffet-bas-lalala-170-cm-en-ch\u00eane-et-cannage-1024x1024.jpg\" class=\"attachment-large size-large wp-image-7495\" alt=\"\" srcset=\"https:\/\/www.robindesbois.com\/blog\/wp-content\/uploads\/2021\/03\/grand-buffet-bas-lalala-170-cm-en-ch\u00eane-et-cannage-1024x1024.jpg 1024w, https:\/\/www.robindesbois.com\/blog\/wp-content\/uploads\/2021\/03\/grand-buffet-bas-lalala-170-cm-en-ch\u00eane-et-cannage-300x300.jpg 300w, https:\/\/www.robindesbois.com\/blog\/wp-content\/uploads\/2021\/03\/grand-buffet-bas-lalala-170-cm-en-ch\u00eane-et-cannage-768x768.jpg 768w, https:\/\/www.robindesbois.com\/blog\/wp-content\/uploads\/2021\/03\/grand-buffet-bas-lalala-170-cm-en-ch\u00eane-et-cannage-150x150.jpg 150w, https:\/\/www.robindesbois.com\/blog\/wp-content\/uploads\/2021\/03\/grand-buffet-bas-lalala-170-cm-en-ch\u00eane-et-cannage-400x400.jpg 400w, https:\/\/www.robindesbois.com\/blog\/wp-content\/uploads\/2021\/03\/grand-buffet-bas-lalala-170-cm-en-ch\u00eane-et-cannage-418x418.jpg 418w, https:\/\/www.robindesbois.com\/blog\/wp-content\/uploads\/2021\/03\/grand-buffet-bas-lalala-170-cm-en-ch\u00eane-et-cannage-512x512.jpg 512w, https:\/\/www.robindesbois.com\/blog\/wp-content\/uploads\/2021\/03\/grand-buffet-bas-lalala-170-cm-en-ch\u00eane-et-cannage-900x900.jpg 900w, https:\/\/www.robindesbois.com\/blog\/wp-content\/uploads\/2021\/03\/grand-buffet-bas-lalala-170-cm-en-ch\u00eane-et-cannage-675x675.jpg 675w, https:\/\/www.robindesbois.com\/blog\/wp-content\/uploads\/2021\/03\/grand-buffet-bas-lalala-170-cm-en-ch\u00eane-et-cannage-286x286.jpg 286w, https:\/\/www.robindesbois.com\/blog\/wp-content\/uploads\/2021\/03\/grand-buffet-bas-lalala-170-cm-en-ch\u00eane-et-cannage-450x450.jpg 450w, https:\/\/www.robindesbois.com\/blog\/wp-content\/uploads\/2021\/03\/grand-buffet-bas-lalala-170-cm-en-ch\u00eane-et-cannage-1080x1080.jpg 1080w, https:\/\/www.robindesbois.com\/blog\/wp-content\/uploads\/2021\/03\/grand-buffet-bas-lalala-170-cm-en-ch\u00eane-et-cannage-558x0.jpg 558w, https:\/\/www.robindesbois.com\/blog\/wp-content\/uploads\/2021\/03\/grand-buffet-bas-lalala-170-cm-en-ch\u00eane-et-cannage.jpg 1200w\" sizes=\"(max-width: 500px) 100vw, 500px\" \/>\t\t\t\t\t\t\t\t\t\t\t<figcaption class=\"widget-image-caption wp-caption-text\">Grand buffet bas Lalala 170 cm<\/figcaption>\n\t\t\t\t\t\t\t\t\t\t<\/figure>\n\t\t\t\t\t\t\t\t\t<\/div>\n\t\t\t\t<\/div>\n\t\t\t\t<div class=\"elementor-element elementor-element-1981d7e elementor-widget elementor-widget-text-editor\" data-id=\"1981d7e\" data-element_type=\"widget\" data-e-type=\"widget\" data-widget_type=\"text-editor.default\">\n\t\t\t\t<div class=\"elementor-widget-container\">\n\t\t\t\t\t\t\t\t\t<p><span style=\"font-weight: 400;\">Les objets qui y sont rang\u00e9s ayant avant tout une fonction utilitaire, le buffet est le plus souvent \u00e9quip\u00e9 de portes et de tiroirs pour dissimuler ce qui est \u00e0 l\u2019inf\u00e9rieur.<\/span><\/p><p><span style=\"font-weight: 400;\">M\u00eame s&#8217;il peut avoir une forme carr\u00e9e, il est tr\u00e8s souvent un meuble bas pour limiter le risque d\u2019un effet trop imposant dans la salle \u00e0 manger. Il est plus ou moins long selon la place dont on dispose et ce qui doit y \u00eatre rang\u00e9.<\/span><\/p><p style=\"text-align: center;\"><em><strong>Notre s\u00e9lection de buffets : <a href=\"https:\/\/www.robindesbois.com\/buffets-vaisseliers\/477-buffet-enfilade-en-chene-leon-2-portes-2-tiroirs.html\">L\u00e9on<\/a>, <a href=\"https:\/\/www.robindesbois.com\/buffets-vaisseliers\/580-petit-buffet-en-enfilade-lalala-120-cm.html\">Lalala 120 cm<\/a>, <a href=\"https:\/\/www.robindesbois.com\/buffets-vaisseliers\/1875-mathilde-buffet-seventy.html\">Mathilde<\/a>, <a href=\"https:\/\/www.robindesbois.com\/buffets-vaisseliers\/303-buffet-4-portes-plateau-chene-josephine-gris-claire.html\">Jos\u00e9phine,<\/a> <a href=\"https:\/\/www.robindesbois.com\/buffets-vaisseliers\/9-buffet-plateau-chene-elisabeth-anthracite.html\"><span style=\"text-decoration: underline;\">Elisabeth<\/span><\/a><\/strong><\/em><\/p>\t\t\t\t\t\t\t\t<\/div>\n\t\t\t\t<\/div>\n\t\t\t\t<div class=\"elementor-element elementor-element-1febfff elementor-arrows-position-inside elementor-widget elementor-widget-image-carousel\" data-id=\"1febfff\" data-element_type=\"widget\" data-e-type=\"widget\" data-settings=\"{&quot;slides_to_show&quot;:&quot;1&quot;,&quot;navigation&quot;:&quot;arrows&quot;,&quot;autoplay&quot;:&quot;yes&quot;,&quot;pause_on_hover&quot;:&quot;yes&quot;,&quot;pause_on_interaction&quot;:&quot;yes&quot;,&quot;autoplay_speed&quot;:5000,&quot;infinite&quot;:&quot;yes&quot;,&quot;effect&quot;:&quot;slide&quot;,&quot;speed&quot;:500}\" data-widget_type=\"image-carousel.default\">\n\t\t\t\t<div class=\"elementor-widget-container\">\n\t\t\t\t\t\t\t<div class=\"elementor-image-carousel-wrapper swiper\" role=\"region\" aria-roledescription=\"carousel\" aria-label=\"Carrousel d\u2019images\" dir=\"ltr\">\n\t\t\t<div class=\"elementor-image-carousel swiper-wrapper\" aria-live=\"off\">\n\t\t\t\t\t\t\t\t<div class=\"swiper-slide\" role=\"group\" aria-roledescription=\"slide\" aria-label=\"1 sur 5\"><figure class=\"swiper-slide-inner\"><img decoding=\"async\" class=\"swiper-slide-image\" src=\"https:\/\/www.robindesbois.com\/blog\/wp-content\/uploads\/2021\/03\/buffet-enfilade-en-ch\u00eane-l\u00e9on-2-portes-2-tiroirs-450x450.jpg\" alt=\"Buffet en enfilade L\u00e9on\" \/><figcaption class=\"elementor-image-carousel-caption\">Buffet en enfilade L\u00e9on<\/figcaption><\/figure><\/div><div class=\"swiper-slide\" role=\"group\" aria-roledescription=\"slide\" aria-label=\"2 sur 5\"><figure class=\"swiper-slide-inner\"><img decoding=\"async\" class=\"swiper-slide-image\" src=\"https:\/\/www.robindesbois.com\/blog\/wp-content\/uploads\/2021\/03\/petit-buffet-en-enfilade-lalala-120-cm-450x450.jpg\" alt=\"Petit buffet en enfilade Lalala 120 cm\" \/><figcaption class=\"elementor-image-carousel-caption\">Petit buffet en enfilade Lalala 120 cm<\/figcaption><\/figure><\/div><div class=\"swiper-slide\" role=\"group\" aria-roledescription=\"slide\" aria-label=\"3 sur 5\"><figure class=\"swiper-slide-inner\"><img decoding=\"async\" class=\"swiper-slide-image\" src=\"https:\/\/www.robindesbois.com\/blog\/wp-content\/uploads\/2021\/03\/buffet-ch\u00eane-2-portes-coulissantes-mathilde-450x450.jpg\" alt=\"Buffet \u00e0 portes coulissantes Mathilde\" \/><figcaption class=\"elementor-image-carousel-caption\">Buffet \u00e0 portes coulissantes Mathilde<\/figcaption><\/figure><\/div><div class=\"swiper-slide\" role=\"group\" aria-roledescription=\"slide\" aria-label=\"4 sur 5\"><figure class=\"swiper-slide-inner\"><img decoding=\"async\" class=\"swiper-slide-image\" src=\"https:\/\/www.robindesbois.com\/blog\/wp-content\/uploads\/2021\/03\/buffet-4-portes-plateau-ch\u00eane-josephine-gris-claire-450x450.jpg\" alt=\"Buffet Jos\u00e9phine\" \/><figcaption class=\"elementor-image-carousel-caption\">Buffet Jos\u00e9phine<\/figcaption><\/figure><\/div><div class=\"swiper-slide\" role=\"group\" aria-roledescription=\"slide\" aria-label=\"5 sur 5\"><figure class=\"swiper-slide-inner\"><img decoding=\"async\" class=\"swiper-slide-image\" src=\"https:\/\/www.robindesbois.com\/blog\/wp-content\/uploads\/2021\/03\/buffet-plateau-ch\u00eane-2-tiroirs-2-portes-patine-shabby-rouge-baptiste-450x450.jpg\" alt=\"Buffet Baptiste\" \/><figcaption class=\"elementor-image-carousel-caption\">Buffet Baptiste<\/figcaption><\/figure><\/div>\t\t\t<\/div>\n\t\t\t\t\t\t\t\t\t\t\t\t<div class=\"elementor-swiper-button elementor-swiper-button-prev\" role=\"button\" tabindex=\"0\">\n\t\t\t\t\t\t<i aria-hidden=\"true\" class=\"eicon-chevron-left\"><\/i>\t\t\t\t\t<\/div>\n\t\t\t\t\t<div class=\"elementor-swiper-button elementor-swiper-button-next\" role=\"button\" tabindex=\"0\">\n\t\t\t\t\t\t<i aria-hidden=\"true\" class=\"eicon-chevron-right\"><\/i>\t\t\t\t\t<\/div>\n\t\t\t\t\n\t\t\t\t\t\t\t\t\t<\/div>\n\t\t\t\t\t\t<\/div>\n\t\t\t\t<\/div>\n\t\t\t\t<div class=\"elementor-element elementor-element-1112298 elementor-widget elementor-widget-text-editor\" data-id=\"1112298\" data-element_type=\"widget\" data-e-type=\"widget\" data-widget_type=\"text-editor.default\">\n\t\t\t\t<div class=\"elementor-widget-container\">\n\t\t\t\t\t\t\t\t\t<p><span style=\"font-weight: 400;\">Dans la m\u00eame cat\u00e9gorie de rangements, on trouve\u00a0<\/span><\/p><ul><li style=\"font-weight: 400;\" aria-level=\"1\"><span style=\"font-weight: 400;\">les vitrines plus en hauteur et avec portes vitr\u00e9es comme la <\/span><a href=\"https:\/\/www.robindesbois.com\/vitrines-armoires\/614-vitrine-en-chene-ontario-module-sans-socle.html\"><span style=\"font-weight: 400;\"><strong>vitrine Ontario<\/strong><\/span><\/a><span style=\"font-weight: 400;\">,<\/span><\/li><li style=\"font-weight: 400;\" aria-level=\"1\"><span style=\"font-weight: 400;\">les armoires de rangement, tr\u00e8s hautes, elles ont le plus souvent des portes vitr\u00e9es au moins partiellement, comme le <\/span><a href=\"https:\/\/www.robindesbois.com\/vitrines-armoires\/36-vitrine-chene-5-etageres-2-portes-henry.html\"><span style=\"font-weight: 400;\"><strong>mod\u00e8le Henry<\/strong><\/span><\/a><span style=\"font-weight: 400;\"> ou l\u2019<\/span><a href=\"https:\/\/www.robindesbois.com\/vitrines-armoires\/544-double-vitrine-en-chene-patine-shabby-chic-blanche-aragon.html\"><span style=\"font-weight: 400;\"><strong>armoire double Aragon<\/strong><\/span><\/a><span style=\"font-weight: 400;\">,<\/span><\/li><li style=\"font-weight: 400;\" aria-level=\"1\"><span style=\"font-weight: 400;\">les vaisseliers compos\u00e9s d\u2019une partie basse sensiblement identique au buffet et d&#8217;une partie haute moins profonde pour ne pas \u00ab \u00e9craser \u00bb les autres meubles de la pi\u00e8ce.<\/span><\/li><\/ul>\t\t\t\t\t\t\t\t<\/div>\n\t\t\t\t<\/div>\n\t\t\t\t<div class=\"elementor-element elementor-element-8c3b062 elementor-arrows-position-inside elementor-widget elementor-widget-image-carousel\" data-id=\"8c3b062\" data-element_type=\"widget\" data-e-type=\"widget\" data-settings=\"{&quot;slides_to_show&quot;:&quot;1&quot;,&quot;navigation&quot;:&quot;arrows&quot;,&quot;autoplay&quot;:&quot;yes&quot;,&quot;pause_on_hover&quot;:&quot;yes&quot;,&quot;pause_on_interaction&quot;:&quot;yes&quot;,&quot;autoplay_speed&quot;:5000,&quot;infinite&quot;:&quot;yes&quot;,&quot;effect&quot;:&quot;slide&quot;,&quot;speed&quot;:500}\" data-widget_type=\"image-carousel.default\">\n\t\t\t\t<div class=\"elementor-widget-container\">\n\t\t\t\t\t\t\t<div class=\"elementor-image-carousel-wrapper swiper\" role=\"region\" aria-roledescription=\"carousel\" aria-label=\"Carrousel d\u2019images\" dir=\"ltr\">\n\t\t\t<div class=\"elementor-image-carousel swiper-wrapper\" aria-live=\"off\">\n\t\t\t\t\t\t\t\t<div class=\"swiper-slide\" role=\"group\" aria-roledescription=\"slide\" aria-label=\"1 sur 4\"><figure class=\"swiper-slide-inner\"><img decoding=\"async\" class=\"swiper-slide-image\" src=\"https:\/\/www.robindesbois.com\/blog\/wp-content\/uploads\/2021\/03\/vitrine-en-chene-ontario-module-sans-socle-450x450.jpg\" alt=\"Vitrine ch\u00eane Ontario\" \/><figcaption class=\"elementor-image-carousel-caption\">Vitrine ch\u00eane Ontario<\/figcaption><\/figure><\/div><div class=\"swiper-slide\" role=\"group\" aria-roledescription=\"slide\" aria-label=\"2 sur 4\"><figure class=\"swiper-slide-inner\"><img decoding=\"async\" class=\"swiper-slide-image\" src=\"https:\/\/www.robindesbois.com\/blog\/wp-content\/uploads\/2021\/03\/vitrine-ch\u00eane-5-\u00e9tag\u00e8res-2-portes-henry-450x450.jpg\" alt=\"Vitrine Ch\u00eane Henry\" \/><figcaption class=\"elementor-image-carousel-caption\">Vitrine Ch\u00eane Henry<\/figcaption><\/figure><\/div><div class=\"swiper-slide\" role=\"group\" aria-roledescription=\"slide\" aria-label=\"3 sur 4\"><figure class=\"swiper-slide-inner\"><img decoding=\"async\" class=\"swiper-slide-image\" src=\"https:\/\/www.robindesbois.com\/blog\/wp-content\/uploads\/2021\/03\/double-vitrine-en-ch\u00eane-patine-shabby-chic-blanche-aragon-450x450.jpg\" alt=\"Double vitrine ch\u00eane Aragon\" \/><figcaption class=\"elementor-image-carousel-caption\">Double vitrine ch\u00eane Aragon<\/figcaption><\/figure><\/div><div class=\"swiper-slide\" role=\"group\" aria-roledescription=\"slide\" aria-label=\"4 sur 4\"><figure class=\"swiper-slide-inner\"><img decoding=\"async\" class=\"swiper-slide-image\" src=\"https:\/\/www.robindesbois.com\/blog\/wp-content\/uploads\/2021\/03\/vaisselier-double-corps-romane-450x450.jpg\" alt=\"Vaisselier Romane\" \/><figcaption class=\"elementor-image-carousel-caption\">Vaisselier Romane<\/figcaption><\/figure><\/div>\t\t\t<\/div>\n\t\t\t\t\t\t\t\t\t\t\t\t<div class=\"elementor-swiper-button elementor-swiper-button-prev\" role=\"button\" tabindex=\"0\">\n\t\t\t\t\t\t<i aria-hidden=\"true\" class=\"eicon-chevron-left\"><\/i>\t\t\t\t\t<\/div>\n\t\t\t\t\t<div class=\"elementor-swiper-button elementor-swiper-button-next\" role=\"button\" tabindex=\"0\">\n\t\t\t\t\t\t<i aria-hidden=\"true\" class=\"eicon-chevron-right\"><\/i>\t\t\t\t\t<\/div>\n\t\t\t\t\n\t\t\t\t\t\t\t\t\t<\/div>\n\t\t\t\t\t\t<\/div>\n\t\t\t\t<\/div>\n\t\t\t\t<div class=\"elementor-element elementor-element-6baa034 elementor-widget elementor-widget-spacer\" data-id=\"6baa034\" data-element_type=\"widget\" data-e-type=\"widget\" data-widget_type=\"spacer.default\">\n\t\t\t\t<div class=\"elementor-widget-container\">\n\t\t\t\t\t\t\t<div class=\"elementor-spacer\">\n\t\t\t<div class=\"elementor-spacer-inner\"><\/div>\n\t\t<\/div>\n\t\t\t\t\t\t<\/div>\n\t\t\t\t<\/div>\n\t\t\t\t\t<\/div>\n\t\t<\/div>\n\t\t\t\t\t<\/div>\n\t\t<\/section>\n\t\t\t\t<section class=\"elementor-section elementor-top-section elementor-element elementor-element-5848abf elementor-section-boxed elementor-section-height-default elementor-section-height-default\" data-id=\"5848abf\" data-element_type=\"section\" data-e-type=\"section\">\n\t\t\t\t\t\t<div class=\"elementor-container elementor-column-gap-default\">\n\t\t\t\t\t<div class=\"elementor-column elementor-col-100 elementor-top-column elementor-element elementor-element-10c569f\" data-id=\"10c569f\" data-element_type=\"column\" data-e-type=\"column\">\n\t\t\t<div class=\"elementor-widget-wrap elementor-element-populated\">\n\t\t\t\t\t\t<div class=\"elementor-element elementor-element-8ef8b65 elementor-widget elementor-widget-heading\" data-id=\"8ef8b65\" data-element_type=\"widget\" data-e-type=\"widget\" data-widget_type=\"heading.default\">\n\t\t\t\t<div class=\"elementor-widget-container\">\n\t\t\t\t\t<h2 class=\"elementor-heading-title elementor-size-default\">La commode dans la chambre<\/h2>\t\t\t\t<\/div>\n\t\t\t\t<\/div>\n\t\t\t\t<div class=\"elementor-element elementor-element-5b385ca elementor-widget elementor-widget-text-editor\" data-id=\"5b385ca\" data-element_type=\"widget\" data-e-type=\"widget\" data-widget_type=\"text-editor.default\">\n\t\t\t\t<div class=\"elementor-widget-container\">\n\t\t\t\t\t\t\t\t\t<p><span style=\"font-weight: 400;\">Traditionnellement \u00e9quip\u00e9e de tiroirs et destin\u00e9e \u00e0 la chambre, la commode peut \u00e9galement \u00eatre install\u00e9e dans un dressing, une salle de bain, un couloir ou une entr\u00e9e, voire m\u00eame un bureau. De petite taille par rapport \u00e0 un buffet, elle sert \u00e0 ranger principalement du textile et de petits objets, des bijoux et des bibelots, par exemple.<\/span><\/p>\t\t\t\t\t\t\t\t<\/div>\n\t\t\t\t<\/div>\n\t\t\t\t<div class=\"elementor-element elementor-element-a11b02d elementor-widget elementor-widget-image\" data-id=\"a11b02d\" data-element_type=\"widget\" data-e-type=\"widget\" data-widget_type=\"image.default\">\n\t\t\t\t<div class=\"elementor-widget-container\">\n\t\t\t\t\t\t\t\t\t\t\t\t<figure class=\"wp-caption\">\n\t\t\t\t\t\t\t\t\t\t\t<a href=\"https:\/\/www.robindesbois.com\/fr\/chambre-et-bureau\/18-commode-bois-massif-3-tiroirs-serrena.html\">\n\t\t\t\t\t\t\t<img decoding=\"async\" width=\"500\" height=\"500\" src=\"https:\/\/www.robindesbois.com\/blog\/wp-content\/uploads\/2021\/03\/commode-bois-massif-3-tiroirs-serrena-1024x1024.jpg\" class=\"attachment-large size-large wp-image-7501\" alt=\"\" srcset=\"https:\/\/www.robindesbois.com\/blog\/wp-content\/uploads\/2021\/03\/commode-bois-massif-3-tiroirs-serrena-1024x1024.jpg 1024w, https:\/\/www.robindesbois.com\/blog\/wp-content\/uploads\/2021\/03\/commode-bois-massif-3-tiroirs-serrena-300x300.jpg 300w, https:\/\/www.robindesbois.com\/blog\/wp-content\/uploads\/2021\/03\/commode-bois-massif-3-tiroirs-serrena-768x768.jpg 768w, https:\/\/www.robindesbois.com\/blog\/wp-content\/uploads\/2021\/03\/commode-bois-massif-3-tiroirs-serrena-150x150.jpg 150w, https:\/\/www.robindesbois.com\/blog\/wp-content\/uploads\/2021\/03\/commode-bois-massif-3-tiroirs-serrena-400x400.jpg 400w, https:\/\/www.robindesbois.com\/blog\/wp-content\/uploads\/2021\/03\/commode-bois-massif-3-tiroirs-serrena-418x418.jpg 418w, https:\/\/www.robindesbois.com\/blog\/wp-content\/uploads\/2021\/03\/commode-bois-massif-3-tiroirs-serrena-512x512.jpg 512w, https:\/\/www.robindesbois.com\/blog\/wp-content\/uploads\/2021\/03\/commode-bois-massif-3-tiroirs-serrena-900x900.jpg 900w, https:\/\/www.robindesbois.com\/blog\/wp-content\/uploads\/2021\/03\/commode-bois-massif-3-tiroirs-serrena-675x675.jpg 675w, https:\/\/www.robindesbois.com\/blog\/wp-content\/uploads\/2021\/03\/commode-bois-massif-3-tiroirs-serrena-286x286.jpg 286w, https:\/\/www.robindesbois.com\/blog\/wp-content\/uploads\/2021\/03\/commode-bois-massif-3-tiroirs-serrena-450x450.jpg 450w, https:\/\/www.robindesbois.com\/blog\/wp-content\/uploads\/2021\/03\/commode-bois-massif-3-tiroirs-serrena-1080x1080.jpg 1080w, https:\/\/www.robindesbois.com\/blog\/wp-content\/uploads\/2021\/03\/commode-bois-massif-3-tiroirs-serrena-558x0.jpg 558w, https:\/\/www.robindesbois.com\/blog\/wp-content\/uploads\/2021\/03\/commode-bois-massif-3-tiroirs-serrena.jpg 1200w\" sizes=\"(max-width: 500px) 100vw, 500px\" \/>\t\t\t\t\t\t\t\t<\/a>\n\t\t\t\t\t\t\t\t\t\t\t<figcaption class=\"widget-image-caption wp-caption-text\">Commode Serrena<\/figcaption>\n\t\t\t\t\t\t\t\t\t\t<\/figure>\n\t\t\t\t\t\t\t\t\t<\/div>\n\t\t\t\t<\/div>\n\t\t\t\t<div class=\"elementor-element elementor-element-5247db9 elementor-widget elementor-widget-text-editor\" data-id=\"5247db9\" data-element_type=\"widget\" data-e-type=\"widget\" data-widget_type=\"text-editor.default\">\n\t\t\t\t<div class=\"elementor-widget-container\">\n\t\t\t\t\t\t\t\t\t<p><span style=\"font-weight: 400;\">En fonction de la place dont on dispose, on peut choisir plut\u00f4t un semainier qui se pr\u00e9sente en hauteur et avec sept tiroirs, telle que la <\/span><a href=\"https:\/\/www.robindesbois.com\/commodes\/268-colonne-de-rangement-oriane.html\"><span style=\"font-weight: 400;\"><strong>colonne de rangement en bois Oriane<\/strong><\/span><\/a><span style=\"font-weight: 400;\">, ou une coiffeuse qui peut avoir de multiples usages, comme la <\/span><span style=\"font-weight: 400;\">coiffeuse Charlotte<\/span><span style=\"font-weight: 400;\"> : rangement de petits accessoires, mise en beaut\u00e9 maquillage et coiffure gr\u00e2ce au miroirs int\u00e9gr\u00e9, bureau ou secr\u00e9taire d&#8217;appoint\u2026<\/span><\/p><p style=\"text-align: center;\"><em><strong>Notre s\u00e9lection de commode : <a href=\"https:\/\/www.robindesbois.com\/commodes\/499-commode-4-tiroirs-laquee-noire-diana.html\">Diana<\/a>, <a href=\"https:\/\/www.robindesbois.com\/commodes\/102-commode-alienor-plateau-chene-patine-rouge.html\">Ali\u00e9nor<\/a>, <a href=\"https:\/\/www.robindesbois.com\/commodes\/213-commode-plateau-chene-aquitaine.html\">Aquitaine<\/a>, <a href=\"https:\/\/www.robindesbois.com\/commodes\/311-commode-3-tiroirs-horace-shabby-blanc.html\">Horace<\/a><\/strong><\/em><\/p>\t\t\t\t\t\t\t\t<\/div>\n\t\t\t\t<\/div>\n\t\t\t\t<div class=\"elementor-element elementor-element-2a10fcc elementor-arrows-position-inside elementor-widget elementor-widget-image-carousel\" data-id=\"2a10fcc\" data-element_type=\"widget\" data-e-type=\"widget\" data-settings=\"{&quot;slides_to_show&quot;:&quot;1&quot;,&quot;navigation&quot;:&quot;arrows&quot;,&quot;autoplay&quot;:&quot;yes&quot;,&quot;pause_on_hover&quot;:&quot;yes&quot;,&quot;pause_on_interaction&quot;:&quot;yes&quot;,&quot;autoplay_speed&quot;:5000,&quot;infinite&quot;:&quot;yes&quot;,&quot;effect&quot;:&quot;slide&quot;,&quot;speed&quot;:500}\" data-widget_type=\"image-carousel.default\">\n\t\t\t\t<div class=\"elementor-widget-container\">\n\t\t\t\t\t\t\t<div class=\"elementor-image-carousel-wrapper swiper\" role=\"region\" aria-roledescription=\"carousel\" aria-label=\"Carrousel d\u2019images\" dir=\"ltr\">\n\t\t\t<div class=\"elementor-image-carousel swiper-wrapper\" aria-live=\"off\">\n\t\t\t\t\t\t\t\t<div class=\"swiper-slide\" role=\"group\" aria-roledescription=\"slide\" aria-label=\"1 sur 4\"><figure class=\"swiper-slide-inner\"><img decoding=\"async\" class=\"swiper-slide-image\" src=\"https:\/\/www.robindesbois.com\/blog\/wp-content\/uploads\/2021\/03\/commode-plateau-chene-4-tiroirs-diana-450x450.jpg\" alt=\"Commode Diana\" \/><figcaption class=\"elementor-image-carousel-caption\">Commode Diana<\/figcaption><\/figure><\/div><div class=\"swiper-slide\" role=\"group\" aria-roledescription=\"slide\" aria-label=\"2 sur 4\"><figure class=\"swiper-slide-inner\"><img decoding=\"async\" class=\"swiper-slide-image\" src=\"https:\/\/www.robindesbois.com\/blog\/wp-content\/uploads\/2021\/03\/commode-ali\u00e9nor-plateau-ch\u00eane-patine-rouge-450x450.jpg\" alt=\"Commode Ali\u00e9nor\" \/><figcaption class=\"elementor-image-carousel-caption\">Commode Ali\u00e9nor<\/figcaption><\/figure><\/div><div class=\"swiper-slide\" role=\"group\" aria-roledescription=\"slide\" aria-label=\"3 sur 4\"><figure class=\"swiper-slide-inner\"><img decoding=\"async\" class=\"swiper-slide-image\" src=\"https:\/\/www.robindesbois.com\/blog\/wp-content\/uploads\/2021\/03\/commode-plateau-chene-aquitaine-450x450.jpg\" alt=\"Commode Aquitaine\" \/><figcaption class=\"elementor-image-carousel-caption\">Commode Aquitaine<\/figcaption><\/figure><\/div><div class=\"swiper-slide\" role=\"group\" aria-roledescription=\"slide\" aria-label=\"4 sur 4\"><figure class=\"swiper-slide-inner\"><img decoding=\"async\" class=\"swiper-slide-image\" src=\"https:\/\/www.robindesbois.com\/blog\/wp-content\/uploads\/2021\/03\/commode-3-tiroirs-horace-shabby-blanc-450x450.jpg\" alt=\"Commode Horace\" \/><figcaption class=\"elementor-image-carousel-caption\">Commode Horace<\/figcaption><\/figure><\/div>\t\t\t<\/div>\n\t\t\t\t\t\t\t\t\t\t\t\t<div class=\"elementor-swiper-button elementor-swiper-button-prev\" role=\"button\" tabindex=\"0\">\n\t\t\t\t\t\t<i aria-hidden=\"true\" class=\"eicon-chevron-left\"><\/i>\t\t\t\t\t<\/div>\n\t\t\t\t\t<div class=\"elementor-swiper-button elementor-swiper-button-next\" role=\"button\" tabindex=\"0\">\n\t\t\t\t\t\t<i aria-hidden=\"true\" class=\"eicon-chevron-right\"><\/i>\t\t\t\t\t<\/div>\n\t\t\t\t\n\t\t\t\t\t\t\t\t\t<\/div>\n\t\t\t\t\t\t<\/div>\n\t\t\t\t<\/div>\n\t\t\t\t<div class=\"elementor-element elementor-element-3aaa3c3 elementor-widget elementor-widget-spacer\" data-id=\"3aaa3c3\" data-element_type=\"widget\" data-e-type=\"widget\" data-widget_type=\"spacer.default\">\n\t\t\t\t<div class=\"elementor-widget-container\">\n\t\t\t\t\t\t\t<div class=\"elementor-spacer\">\n\t\t\t<div class=\"elementor-spacer-inner\"><\/div>\n\t\t<\/div>\n\t\t\t\t\t\t<\/div>\n\t\t\t\t<\/div>\n\t\t\t\t\t<\/div>\n\t\t<\/div>\n\t\t\t\t\t<\/div>\n\t\t<\/section>\n\t\t\t\t<section class=\"elementor-section elementor-top-section elementor-element elementor-element-c156143 elementor-section-boxed elementor-section-height-default elementor-section-height-default\" data-id=\"c156143\" data-element_type=\"section\" data-e-type=\"section\">\n\t\t\t\t\t\t<div class=\"elementor-container elementor-column-gap-default\">\n\t\t\t\t\t<div class=\"elementor-column elementor-col-100 elementor-top-column elementor-element elementor-element-9dd2498\" data-id=\"9dd2498\" data-element_type=\"column\" data-e-type=\"column\">\n\t\t\t<div class=\"elementor-widget-wrap elementor-element-populated\">\n\t\t\t\t\t\t<div class=\"elementor-element elementor-element-96bff8f elementor-widget-divider--view-line_icon elementor-view-default elementor-widget-divider--element-align-center elementor-widget elementor-widget-divider\" data-id=\"96bff8f\" data-element_type=\"widget\" data-e-type=\"widget\" data-widget_type=\"divider.default\">\n\t\t\t\t<div class=\"elementor-widget-container\">\n\t\t\t\t\t\t\t<div class=\"elementor-divider\">\n\t\t\t<span class=\"elementor-divider-separator\">\n\t\t\t\t\t\t\t<div class=\"elementor-icon elementor-divider__element\">\n\t\t\t\t\t<i aria-hidden=\"true\" class=\"fas fa-home\"><\/i><\/div>\n\t\t\t\t\t\t<\/span>\n\t\t<\/div>\n\t\t\t\t\t\t<\/div>\n\t\t\t\t<\/div>\n\t\t\t\t\t<\/div>\n\t\t<\/div>\n\t\t\t\t\t<\/div>\n\t\t<\/section>\n\t\t\t\t<section class=\"elementor-section elementor-top-section elementor-element elementor-element-7bad0ee elementor-section-boxed elementor-section-height-default elementor-section-height-default\" data-id=\"7bad0ee\" data-element_type=\"section\" data-e-type=\"section\">\n\t\t\t\t\t\t<div class=\"elementor-container elementor-column-gap-default\">\n\t\t\t\t\t<div class=\"elementor-column elementor-col-100 elementor-top-column elementor-element elementor-element-6dcb53b\" data-id=\"6dcb53b\" data-element_type=\"column\" data-e-type=\"column\">\n\t\t\t<div class=\"elementor-widget-wrap elementor-element-populated\">\n\t\t\t\t\t\t<div class=\"elementor-element elementor-element-bc77403 elementor-widget elementor-widget-text-editor\" data-id=\"bc77403\" data-element_type=\"widget\" data-e-type=\"widget\" data-widget_type=\"text-editor.default\">\n\t\t\t\t<div class=\"elementor-widget-container\">\n\t\t\t\t\t\t\t\t\t<p style=\"text-align: center;\"><strong>D\u00e9couvrez<\/strong><\/p><p style=\"text-align: center;\">nos <a href=\"https:\/\/www.robindesbois.com\/38-bibliotheques\"><strong>rangements pour le salon <\/strong><\/a>, nos <a href=\"https:\/\/www.robindesbois.com\/18-buffets-vaisseliers\"><strong>rangements pour la salle \u00e0 manger<\/strong><\/a>, nos <a href=\"https:\/\/www.robindesbois.com\/44-commodes\"><strong>rangements pour la chambre<\/strong><\/a><\/p>\t\t\t\t\t\t\t\t<\/div>\n\t\t\t\t<\/div>\n\t\t\t\t\t<\/div>\n\t\t<\/div>\n\t\t\t\t\t<\/div>\n\t\t<\/section>\n\t\t\t\t<\/div>\n\t\t","protected":false},"excerpt":{"rendered":"<p>\u00c9l\u00e9ments essentiels d\u2019un int\u00e9rieur \u00e0 la fois beau et bien ordonn\u00e9, les meubles de rangement doivent \u00eatre choisis avec soin que ce soit pour le salon, la salle \u00e0 manger ou la chambre. Il s&#8217;agit tout autant de pr\u00eater attention \u00e0 la ligne et \u00e0 l&#8217;esth\u00e9tique du meuble pour qu&#8217;il s&#8217;accorde avec le reste de la pi\u00e8ce que de choisir un mode de rangement adapt\u00e9 \u00e0 ce qui y sera rang\u00e9. <\/p>\n","protected":false},"author":6,"featured_media":7506,"comment_status":"closed","ping_status":"open","sticky":false,"template":"","format":"standard","meta":{"footnotes":""},"categories":[2],"tags":[],"class_list":["post-7476","post","type-post","status-publish","format-standard","has-post-thumbnail","hentry","category-des-conseils"],"yoast_head":"<!-- This site is optimized with the Yoast SEO plugin v26.6 - https:\/\/yoast.com\/wordpress\/plugins\/seo\/ -->\n<title>Biblioth\u00e8que, buffet, commode\u2026 bien choisir son meuble de rangement<\/title>\n<meta name=\"robots\" content=\"index, follow, max-snippet:-1, max-image-preview:large, max-video-preview:-1\" \/>\n<link rel=\"canonical\" href=\"https:\/\/www.robindesbois.com\/blog\/bibliotheque-buffet-commode-bien-choisir-son-meuble-de-rangement\/\" \/>\n<meta property=\"og:locale\" content=\"fr_FR\" \/>\n<meta property=\"og:type\" content=\"article\" \/>\n<meta property=\"og:title\" content=\"Biblioth\u00e8que, buffet, commode\u2026 bien choisir son meuble de rangement\" \/>\n<meta property=\"og:description\" content=\"\u00c9l\u00e9ments essentiels d\u2019un int\u00e9rieur \u00e0 la fois beau et bien ordonn\u00e9, les meubles de rangement doivent \u00eatre choisis avec soin que ce soit pour le salon, la salle \u00e0 manger ou la chambre. Il s&#039;agit tout autant de pr\u00eater attention \u00e0 la ligne et \u00e0 l&#039;esth\u00e9tique du meuble pour qu&#039;il s&#039;accorde avec le reste de la pi\u00e8ce que de choisir un mode de rangement adapt\u00e9 \u00e0 ce qui y sera rang\u00e9.\" \/>\n<meta property=\"og:url\" content=\"https:\/\/www.robindesbois.com\/blog\/bibliotheque-buffet-commode-bien-choisir-son-meuble-de-rangement\/\" \/>\n<meta property=\"og:site_name\" content=\"Le Blog de Robin des Bois\" \/>\n<meta property=\"article:published_time\" content=\"2021-03-17T18:09:40+00:00\" \/>\n<meta property=\"article:modified_time\" content=\"2025-12-24T10:44:23+00:00\" \/>\n<meta property=\"og:image\" content=\"https:\/\/www.robindesbois.com\/blog\/wp-content\/uploads\/2021\/03\/KYOTO.png\" \/>\n\t<meta property=\"og:image:width\" content=\"1200\" \/>\n\t<meta property=\"og:image:height\" content=\"980\" \/>\n\t<meta property=\"og:image:type\" content=\"image\/png\" \/>\n<meta name=\"author\" content=\"Ali\u00e9nor de Saint-Albane\" \/>\n<meta name=\"twitter:card\" content=\"summary_large_image\" \/>\n<meta name=\"twitter:label1\" content=\"\u00c9crit par\" \/>\n\t<meta name=\"twitter:data1\" content=\"Ali\u00e9nor de Saint-Albane\" \/>\n\t<meta name=\"twitter:label2\" content=\"Dur\u00e9e de lecture estim\u00e9e\" \/>\n\t<meta name=\"twitter:data2\" content=\"9 minutes\" \/>\n<script type=\"application\/ld+json\" class=\"yoast-schema-graph\">{\"@context\":\"https:\/\/schema.org\",\"@graph\":[{\"@type\":\"WebPage\",\"@id\":\"https:\/\/www.robindesbois.com\/blog\/bibliotheque-buffet-commode-bien-choisir-son-meuble-de-rangement\/\",\"url\":\"https:\/\/www.robindesbois.com\/blog\/bibliotheque-buffet-commode-bien-choisir-son-meuble-de-rangement\/\",\"name\":\"Biblioth\u00e8que, buffet, commode\u2026 bien choisir son meuble de rangement\",\"isPartOf\":{\"@id\":\"https:\/\/www.robindesbois.com\/blog\/#website\"},\"primaryImageOfPage\":{\"@id\":\"https:\/\/www.robindesbois.com\/blog\/bibliotheque-buffet-commode-bien-choisir-son-meuble-de-rangement\/#primaryimage\"},\"image\":{\"@id\":\"https:\/\/www.robindesbois.com\/blog\/bibliotheque-buffet-commode-bien-choisir-son-meuble-de-rangement\/#primaryimage\"},\"thumbnailUrl\":\"https:\/\/www.robindesbois.com\/blog\/wp-content\/uploads\/2021\/03\/KYOTO.png\",\"datePublished\":\"2021-03-17T18:09:40+00:00\",\"dateModified\":\"2025-12-24T10:44:23+00:00\",\"author\":{\"@id\":\"https:\/\/www.robindesbois.com\/blog\/#\/schema\/person\/f981a9cc293019074488806b3c6754b6\"},\"breadcrumb\":{\"@id\":\"https:\/\/www.robindesbois.com\/blog\/bibliotheque-buffet-commode-bien-choisir-son-meuble-de-rangement\/#breadcrumb\"},\"inLanguage\":\"fr-FR\",\"potentialAction\":[{\"@type\":\"ReadAction\",\"target\":[\"https:\/\/www.robindesbois.com\/blog\/bibliotheque-buffet-commode-bien-choisir-son-meuble-de-rangement\/\"]}]},{\"@type\":\"ImageObject\",\"inLanguage\":\"fr-FR\",\"@id\":\"https:\/\/www.robindesbois.com\/blog\/bibliotheque-buffet-commode-bien-choisir-son-meuble-de-rangement\/#primaryimage\",\"url\":\"https:\/\/www.robindesbois.com\/blog\/wp-content\/uploads\/2021\/03\/KYOTO.png\",\"contentUrl\":\"https:\/\/www.robindesbois.com\/blog\/wp-content\/uploads\/2021\/03\/KYOTO.png\",\"width\":1200,\"height\":980},{\"@type\":\"BreadcrumbList\",\"@id\":\"https:\/\/www.robindesbois.com\/blog\/bibliotheque-buffet-commode-bien-choisir-son-meuble-de-rangement\/#breadcrumb\",\"itemListElement\":[{\"@type\":\"ListItem\",\"position\":1,\"name\":\"Accueil\",\"item\":\"https:\/\/www.robindesbois.com\/blog\/\"},{\"@type\":\"ListItem\",\"position\":2,\"name\":\"Biblioth\u00e8que, buffet, commode\u2026 bien choisir son meuble de rangement\"}]},{\"@type\":\"WebSite\",\"@id\":\"https:\/\/www.robindesbois.com\/blog\/#website\",\"url\":\"https:\/\/www.robindesbois.com\/blog\/\",\"name\":\"Le Blog de Robin des Bois\",\"description\":\"Des meubles qui racontent une histoire...\",\"potentialAction\":[{\"@type\":\"SearchAction\",\"target\":{\"@type\":\"EntryPoint\",\"urlTemplate\":\"https:\/\/www.robindesbois.com\/blog\/?s={search_term_string}\"},\"query-input\":{\"@type\":\"PropertyValueSpecification\",\"valueRequired\":true,\"valueName\":\"search_term_string\"}}],\"inLanguage\":\"fr-FR\"},{\"@type\":\"Person\",\"@id\":\"https:\/\/www.robindesbois.com\/blog\/#\/schema\/person\/f981a9cc293019074488806b3c6754b6\",\"name\":\"Ali\u00e9nor de Saint-Albane\",\"sameAs\":[\"http:\/\/www.robindesbois.com\"]}]}<\/script>\n<!-- \/ Yoast SEO plugin. -->","yoast_head_json":{"title":"Biblioth\u00e8que, buffet, commode\u2026 bien choisir son meuble de rangement","robots":{"index":"index","follow":"follow","max-snippet":"max-snippet:-1","max-image-preview":"max-image-preview:large","max-video-preview":"max-video-preview:-1"},"canonical":"https:\/\/www.robindesbois.com\/blog\/bibliotheque-buffet-commode-bien-choisir-son-meuble-de-rangement\/","og_locale":"fr_FR","og_type":"article","og_title":"Biblioth\u00e8que, buffet, commode\u2026 bien choisir son meuble de rangement","og_description":"\u00c9l\u00e9ments essentiels d\u2019un int\u00e9rieur \u00e0 la fois beau et bien ordonn\u00e9, les meubles de rangement doivent \u00eatre choisis avec soin que ce soit pour le salon, la salle \u00e0 manger ou la chambre. Il s'agit tout autant de pr\u00eater attention \u00e0 la ligne et \u00e0 l'esth\u00e9tique du meuble pour qu'il s'accorde avec le reste de la pi\u00e8ce que de choisir un mode de rangement adapt\u00e9 \u00e0 ce qui y sera rang\u00e9.","og_url":"https:\/\/www.robindesbois.com\/blog\/bibliotheque-buffet-commode-bien-choisir-son-meuble-de-rangement\/","og_site_name":"Le Blog de Robin des Bois","article_published_time":"2021-03-17T18:09:40+00:00","article_modified_time":"2025-12-24T10:44:23+00:00","og_image":[{"width":1200,"height":980,"url":"https:\/\/www.robindesbois.com\/blog\/wp-content\/uploads\/2021\/03\/KYOTO.png","type":"image\/png"}],"author":"Ali\u00e9nor de Saint-Albane","twitter_card":"summary_large_image","twitter_misc":{"\u00c9crit par":"Ali\u00e9nor de Saint-Albane","Dur\u00e9e de lecture estim\u00e9e":"9 minutes"},"schema":{"@context":"https:\/\/schema.org","@graph":[{"@type":"WebPage","@id":"https:\/\/www.robindesbois.com\/blog\/bibliotheque-buffet-commode-bien-choisir-son-meuble-de-rangement\/","url":"https:\/\/www.robindesbois.com\/blog\/bibliotheque-buffet-commode-bien-choisir-son-meuble-de-rangement\/","name":"Biblioth\u00e8que, buffet, commode\u2026 bien choisir son meuble de rangement","isPartOf":{"@id":"https:\/\/www.robindesbois.com\/blog\/#website"},"primaryImageOfPage":{"@id":"https:\/\/www.robindesbois.com\/blog\/bibliotheque-buffet-commode-bien-choisir-son-meuble-de-rangement\/#primaryimage"},"image":{"@id":"https:\/\/www.robindesbois.com\/blog\/bibliotheque-buffet-commode-bien-choisir-son-meuble-de-rangement\/#primaryimage"},"thumbnailUrl":"https:\/\/www.robindesbois.com\/blog\/wp-content\/uploads\/2021\/03\/KYOTO.png","datePublished":"2021-03-17T18:09:40+00:00","dateModified":"2025-12-24T10:44:23+00:00","author":{"@id":"https:\/\/www.robindesbois.com\/blog\/#\/schema\/person\/f981a9cc293019074488806b3c6754b6"},"breadcrumb":{"@id":"https:\/\/www.robindesbois.com\/blog\/bibliotheque-buffet-commode-bien-choisir-son-meuble-de-rangement\/#breadcrumb"},"inLanguage":"fr-FR","potentialAction":[{"@type":"ReadAction","target":["https:\/\/www.robindesbois.com\/blog\/bibliotheque-buffet-commode-bien-choisir-son-meuble-de-rangement\/"]}]},{"@type":"ImageObject","inLanguage":"fr-FR","@id":"https:\/\/www.robindesbois.com\/blog\/bibliotheque-buffet-commode-bien-choisir-son-meuble-de-rangement\/#primaryimage","url":"https:\/\/www.robindesbois.com\/blog\/wp-content\/uploads\/2021\/03\/KYOTO.png","contentUrl":"https:\/\/www.robindesbois.com\/blog\/wp-content\/uploads\/2021\/03\/KYOTO.png","width":1200,"height":980},{"@type":"BreadcrumbList","@id":"https:\/\/www.robindesbois.com\/blog\/bibliotheque-buffet-commode-bien-choisir-son-meuble-de-rangement\/#breadcrumb","itemListElement":[{"@type":"ListItem","position":1,"name":"Accueil","item":"https:\/\/www.robindesbois.com\/blog\/"},{"@type":"ListItem","position":2,"name":"Biblioth\u00e8que, buffet, commode\u2026 bien choisir son meuble de rangement"}]},{"@type":"WebSite","@id":"https:\/\/www.robindesbois.com\/blog\/#website","url":"https:\/\/www.robindesbois.com\/blog\/","name":"Le Blog de Robin des Bois","description":"Des meubles qui racontent une histoire...","potentialAction":[{"@type":"SearchAction","target":{"@type":"EntryPoint","urlTemplate":"https:\/\/www.robindesbois.com\/blog\/?s={search_term_string}"},"query-input":{"@type":"PropertyValueSpecification","valueRequired":true,"valueName":"search_term_string"}}],"inLanguage":"fr-FR"},{"@type":"Person","@id":"https:\/\/www.robindesbois.com\/blog\/#\/schema\/person\/f981a9cc293019074488806b3c6754b6","name":"Ali\u00e9nor de Saint-Albane","sameAs":["http:\/\/www.robindesbois.com"]}]}},"_links":{"self":[{"href":"https:\/\/www.robindesbois.com\/blog\/wp-json\/wp\/v2\/posts\/7476","targetHints":{"allow":["GET"]}}],"collection":[{"href":"https:\/\/www.robindesbois.com\/blog\/wp-json\/wp\/v2\/posts"}],"about":[{"href":"https:\/\/www.robindesbois.com\/blog\/wp-json\/wp\/v2\/types\/post"}],"author":[{"embeddable":true,"href":"https:\/\/www.robindesbois.com\/blog\/wp-json\/wp\/v2\/users\/6"}],"replies":[{"embeddable":true,"href":"https:\/\/www.robindesbois.com\/blog\/wp-json\/wp\/v2\/comments?post=7476"}],"version-history":[{"count":20,"href":"https:\/\/www.robindesbois.com\/blog\/wp-json\/wp\/v2\/posts\/7476\/revisions"}],"predecessor-version":[{"id":9155,"href":"https:\/\/www.robindesbois.com\/blog\/wp-json\/wp\/v2\/posts\/7476\/revisions\/9155"}],"wp:featuredmedia":[{"embeddable":true,"href":"https:\/\/www.robindesbois.com\/blog\/wp-json\/wp\/v2\/media\/7506"}],"wp:attachment":[{"href":"https:\/\/www.robindesbois.com\/blog\/wp-json\/wp\/v2\/media?parent=7476"}],"wp:term":[{"taxonomy":"category","embeddable":true,"href":"https:\/\/www.robindesbois.com\/blog\/wp-json\/wp\/v2\/categories?post=7476"},{"taxonomy":"post_tag","embeddable":true,"href":"https:\/\/www.robindesbois.com\/blog\/wp-json\/wp\/v2\/tags?post=7476"}],"curies":[{"name":"wp","href":"https:\/\/api.w.org\/{rel}","templated":true}]}}