{"id":7303,"date":"2020-08-24T15:41:17","date_gmt":"2020-08-24T15:41:17","guid":{"rendered":"https:\/\/www.robindesbois.com\/blog\/?p=7303"},"modified":"2025-12-24T11:49:18","modified_gmt":"2025-12-24T10:49:18","slug":"les-cles-dun-bureau-fonctionnel-et-agreable","status":"publish","type":"post","link":"https:\/\/www.robindesbois.com\/blog\/les-cles-dun-bureau-fonctionnel-et-agreable\/","title":{"rendered":"Les cl\u00e9s d&#8217;un bureau fonctionnel et agr\u00e9able"},"content":{"rendered":"\t\t<div data-elementor-type=\"wp-post\" data-elementor-id=\"7303\" class=\"elementor elementor-7303\" data-elementor-post-type=\"post\">\n\t\t\t\t\t\t<section class=\"elementor-section elementor-top-section elementor-element elementor-element-bc1abc8 elementor-section-boxed elementor-section-height-default elementor-section-height-default\" data-id=\"bc1abc8\" data-element_type=\"section\" data-e-type=\"section\">\n\t\t\t\t\t\t<div class=\"elementor-container elementor-column-gap-default\">\n\t\t\t\t\t<div class=\"elementor-column elementor-col-100 elementor-top-column elementor-element elementor-element-03408ce\" data-id=\"03408ce\" data-element_type=\"column\" data-e-type=\"column\">\n\t\t\t<div class=\"elementor-widget-wrap elementor-element-populated\">\n\t\t\t\t\t\t<div class=\"elementor-element elementor-element-43af911 elementor-widget elementor-widget-text-editor\" data-id=\"43af911\" data-element_type=\"widget\" data-e-type=\"widget\" data-widget_type=\"text-editor.default\">\n\t\t\t\t<div class=\"elementor-widget-container\">\n\t\t\t\t\t\t\t\t\t<p><b>Que ce soit une pi\u00e8ce \u00e0 part enti\u00e8re ou un simple espace dans le salon ou la chambre, votre bureau se doit d\u2019\u00eatre \u00e0 la fois bien agenc\u00e9 et agr\u00e9able pour vous permettre d\u2019\u00eatre concentr\u00e9, productif et cr\u00e9atif. C\u2019est d\u2019autant plus important si vous travaillez \u00e0 temps plein ou \u00e0 temps partiel \u00e0 la maison comme c\u2019est le cas pour de nombreuses personnes avec le d\u00e9veloppement du t\u00e9l\u00e9travail.<\/b><span style=\"font-weight: 400;\">\u00a0<\/span><\/p><p><span style=\"font-weight: 400;\">Pour que vous vous y sentiez parfaitement bien, <\/span><a href=\"https:\/\/www.robindesbois.com\/92-bureaux\"><span style=\"font-weight: 400;\">le bureau<\/span><\/a><span style=\"font-weight: 400;\"> doit avant tout vous correspondre en termes de style, par exemple des teintes naturelles et des mati\u00e8res douces pour une inspiration classique, de la couleur et des mat\u00e9riaux bruts pour un esprit plus actuel. Il doit \u00e9galement s\u2019accorder avec la d\u00e9coration de la pi\u00e8ce dans laquelle il est install\u00e9 si vous ne disposez pas d\u2019un espace d\u00e9di\u00e9.<\/span><\/p><p><span style=\"font-weight: 400;\">Pour ce qui concerne le c\u00f4t\u00e9 pratique et fonctionnel, quatre \u00e9l\u00e9ments sont \u00e0 prendre en consid\u00e9ration avec attention : le bureau-meuble, le si\u00e8ge, les rangements et l\u2019\u00e9clairage.<\/span><\/p>\t\t\t\t\t\t\t\t<\/div>\n\t\t\t\t<\/div>\n\t\t\t\t\t<\/div>\n\t\t<\/div>\n\t\t\t\t\t<\/div>\n\t\t<\/section>\n\t\t\t\t<section class=\"elementor-section elementor-top-section elementor-element elementor-element-6afba48 elementor-section-boxed elementor-section-height-default elementor-section-height-default\" data-id=\"6afba48\" data-element_type=\"section\" data-e-type=\"section\">\n\t\t\t\t\t\t<div class=\"elementor-container elementor-column-gap-default\">\n\t\t\t\t\t<div class=\"elementor-column elementor-col-100 elementor-top-column elementor-element elementor-element-88f4635\" data-id=\"88f4635\" data-element_type=\"column\" data-e-type=\"column\">\n\t\t\t<div class=\"elementor-widget-wrap elementor-element-populated\">\n\t\t\t\t\t\t<div class=\"elementor-element elementor-element-630bed0 elementor-widget elementor-widget-spacer\" data-id=\"630bed0\" data-element_type=\"widget\" data-e-type=\"widget\" data-widget_type=\"spacer.default\">\n\t\t\t\t<div class=\"elementor-widget-container\">\n\t\t\t\t\t\t\t<div class=\"elementor-spacer\">\n\t\t\t<div class=\"elementor-spacer-inner\"><\/div>\n\t\t<\/div>\n\t\t\t\t\t\t<\/div>\n\t\t\t\t<\/div>\n\t\t\t\t<div class=\"elementor-element elementor-element-c3832e0 elementor-widget elementor-widget-heading\" data-id=\"c3832e0\" data-element_type=\"widget\" data-e-type=\"widget\" data-widget_type=\"heading.default\">\n\t\t\t\t<div class=\"elementor-widget-container\">\n\t\t\t\t\t<h2 class=\"elementor-heading-title elementor-size-default\">Bien choisir son bureau<\/h2>\t\t\t\t<\/div>\n\t\t\t\t<\/div>\n\t\t\t\t\t<\/div>\n\t\t<\/div>\n\t\t\t\t\t<\/div>\n\t\t<\/section>\n\t\t\t\t<section class=\"elementor-section elementor-top-section elementor-element elementor-element-29ba80c elementor-section-boxed elementor-section-height-default elementor-section-height-default\" data-id=\"29ba80c\" data-element_type=\"section\" data-e-type=\"section\">\n\t\t\t\t\t\t<div class=\"elementor-container elementor-column-gap-default\">\n\t\t\t\t\t<div class=\"elementor-column elementor-col-100 elementor-top-column elementor-element elementor-element-6bc47e5\" data-id=\"6bc47e5\" data-element_type=\"column\" data-e-type=\"column\">\n\t\t\t<div class=\"elementor-widget-wrap elementor-element-populated\">\n\t\t\t\t\t\t<div class=\"elementor-element elementor-element-e24209c elementor-widget elementor-widget-text-editor\" data-id=\"e24209c\" data-element_type=\"widget\" data-e-type=\"widget\" data-widget_type=\"text-editor.default\">\n\t\t\t\t<div class=\"elementor-widget-container\">\n\t\t\t\t\t\t\t\t\t<p><span style=\"font-weight: 400;\">S\u2019il doit vous plaire en termes de style et d\u2019esth\u00e9tique,<strong> le meuble sur lequel vous allez vous installer doit avant tout correspondre \u00e0 votre besoin et \u00e0 votre fa\u00e7on de travailler.<\/strong> Cette r\u00e9flexion sur le &#8220;bon bureau&#8221;\u00a0 doit \u00e9galement prendre en compte la place dont vous disposez et s\u2019il s\u2019agit d\u2019une pi\u00e8ce d\u00e9di\u00e9e ou d\u2019un espace int\u00e9gr\u00e9.<\/span><\/p><p><span style=\"font-weight: 400;\">Ainsi si vous devez installer un ordinateur tout en ayant besoin de place pour consulter des dossiers papiers, pr\u00e9voyez un bureau suffisamment grand pour accueillir toutes vos activit\u00e9s. A l&#8217;inverse, si vous ne vous asseyez \u00e0 votre bureau que quelques heures par semaine, ne lui donnez pas trop de place dans la pi\u00e8ce. Vous aurez alors plus d\u2019espace pour les autres meubles de la pi\u00e8ce s\u2019il a investi le salon ou la chambre. Dans une pi\u00e8ce secondaire, vous pourrez lui adjoindre un <\/span><a href=\"https:\/\/www.robindesbois.com\/blog\/suzette-le-petit-fauteuil-contemporain-et-cossu-2\/\"><span style=\"font-weight: 400;\">petit fauteuil <\/span><\/a><span style=\"font-weight: 400;\">pour des moments de d\u00e9tente, un canap\u00e9-lit pour recevoir occasionnellement des amis ou un grand plan de travail pour des activit\u00e9s cr\u00e9atives.<\/span><\/p>\t\t\t\t\t\t\t\t<\/div>\n\t\t\t\t<\/div>\n\t\t\t\t<div class=\"elementor-element elementor-element-155a7cf elementor-widget-divider--view-line elementor-widget elementor-widget-divider\" data-id=\"155a7cf\" data-element_type=\"widget\" data-e-type=\"widget\" data-widget_type=\"divider.default\">\n\t\t\t\t<div class=\"elementor-widget-container\">\n\t\t\t\t\t\t\t<div class=\"elementor-divider\">\n\t\t\t<span class=\"elementor-divider-separator\">\n\t\t\t\t\t\t<\/span>\n\t\t<\/div>\n\t\t\t\t\t\t<\/div>\n\t\t\t\t<\/div>\n\t\t\t\t<div class=\"elementor-element elementor-element-bca1c10 elementor-widget elementor-widget-heading\" data-id=\"bca1c10\" data-element_type=\"widget\" data-e-type=\"widget\" data-widget_type=\"heading.default\">\n\t\t\t\t<div class=\"elementor-widget-container\">\n\t\t\t\t\t<h4 class=\"elementor-heading-title elementor-size-default\">Notre s\u00e9lection de bureaux<\/h4>\t\t\t\t<\/div>\n\t\t\t\t<\/div>\n\t\t\t\t<div class=\"elementor-element elementor-element-9ffcd01 elementor-arrows-position-inside elementor-widget elementor-widget-image-carousel\" data-id=\"9ffcd01\" data-element_type=\"widget\" data-e-type=\"widget\" data-settings=\"{&quot;slides_to_show&quot;:&quot;1&quot;,&quot;navigation&quot;:&quot;arrows&quot;,&quot;autoplay&quot;:&quot;yes&quot;,&quot;pause_on_hover&quot;:&quot;yes&quot;,&quot;pause_on_interaction&quot;:&quot;yes&quot;,&quot;autoplay_speed&quot;:5000,&quot;infinite&quot;:&quot;yes&quot;,&quot;effect&quot;:&quot;slide&quot;,&quot;speed&quot;:500}\" data-widget_type=\"image-carousel.default\">\n\t\t\t\t<div class=\"elementor-widget-container\">\n\t\t\t\t\t\t\t<div class=\"elementor-image-carousel-wrapper swiper\" role=\"region\" aria-roledescription=\"carousel\" aria-label=\"Carrousel d\u2019images\" dir=\"ltr\">\n\t\t\t<div class=\"elementor-image-carousel swiper-wrapper\" aria-live=\"off\">\n\t\t\t\t\t\t\t\t<div class=\"swiper-slide\" role=\"group\" aria-roledescription=\"slide\" aria-label=\"1 sur 5\"><figure class=\"swiper-slide-inner\"><img decoding=\"async\" class=\"swiper-slide-image\" src=\"https:\/\/www.robindesbois.com\/blog\/wp-content\/uploads\/2020\/08\/bureau-en-che\u0302ne-et-me\u0301tal-lalala-1-450x450.jpg\" alt=\"Bureau contemporain bois et m\u00e9tal\" \/><figcaption class=\"elementor-image-carousel-caption\">Bureau Lalala<\/figcaption><\/figure><\/div><div class=\"swiper-slide\" role=\"group\" aria-roledescription=\"slide\" aria-label=\"2 sur 5\"><figure class=\"swiper-slide-inner\"><img decoding=\"async\" class=\"swiper-slide-image\" src=\"https:\/\/www.robindesbois.com\/blog\/wp-content\/uploads\/2020\/08\/bureau-yvan-plateau-chene-et-pieds-laques-noirs-450x450.jpg\" alt=\"Bureau style classique bois et laque noire\" \/><figcaption class=\"elementor-image-carousel-caption\">Bureau Yvan<\/figcaption><\/figure><\/div><div class=\"swiper-slide\" role=\"group\" aria-roledescription=\"slide\" aria-label=\"3 sur 5\"><figure class=\"swiper-slide-inner\"><img decoding=\"async\" class=\"swiper-slide-image\" src=\"https:\/\/www.robindesbois.com\/blog\/wp-content\/uploads\/2020\/08\/bureau-en-che\u0302ne-140-cm-2-tiroirs-brooklyn-450x450.jpg\" alt=\"Bureau Brooklyn\" \/><figcaption class=\"elementor-image-carousel-caption\">Bureau Brooklyn<\/figcaption><\/figure><\/div><div class=\"swiper-slide\" role=\"group\" aria-roledescription=\"slide\" aria-label=\"4 sur 5\"><figure class=\"swiper-slide-inner\"><img decoding=\"async\" class=\"swiper-slide-image\" src=\"https:\/\/www.robindesbois.com\/blog\/wp-content\/uploads\/2020\/08\/table-plateau-che\u0302ne-massif-pieds-me\u0301tal-8-a\u0300-10-couverts-hector-450x450.jpg\" alt=\"Bureau Hector\" \/><figcaption class=\"elementor-image-carousel-caption\">Bureau Hector<\/figcaption><\/figure><\/div><div class=\"swiper-slide\" role=\"group\" aria-roledescription=\"slide\" aria-label=\"5 sur 5\"><figure class=\"swiper-slide-inner\"><img decoding=\"async\" class=\"swiper-slide-image\" src=\"https:\/\/www.robindesbois.com\/blog\/wp-content\/uploads\/2020\/08\/bureau-che\u0302ne-3-tiroirs-2-tirettes-camus-450x450.jpg\" alt=\"Bureau Camus\" \/><figcaption class=\"elementor-image-carousel-caption\">Bureau Camus<\/figcaption><\/figure><\/div>\t\t\t<\/div>\n\t\t\t\t\t\t\t\t\t\t\t\t<div class=\"elementor-swiper-button elementor-swiper-button-prev\" role=\"button\" tabindex=\"0\">\n\t\t\t\t\t\t<i aria-hidden=\"true\" class=\"eicon-chevron-left\"><\/i>\t\t\t\t\t<\/div>\n\t\t\t\t\t<div class=\"elementor-swiper-button elementor-swiper-button-next\" role=\"button\" tabindex=\"0\">\n\t\t\t\t\t\t<i aria-hidden=\"true\" class=\"eicon-chevron-right\"><\/i>\t\t\t\t\t<\/div>\n\t\t\t\t\n\t\t\t\t\t\t\t\t\t<\/div>\n\t\t\t\t\t\t<\/div>\n\t\t\t\t<\/div>\n\t\t\t\t<div class=\"elementor-element elementor-element-140f542 elementor-widget elementor-widget-text-editor\" data-id=\"140f542\" data-element_type=\"widget\" data-e-type=\"widget\" data-widget_type=\"text-editor.default\">\n\t\t\t\t<div class=\"elementor-widget-container\">\n\t\t\t\t\t\t\t\t\t<ul><li><em><strong><a href=\"https:\/\/www.robindesbois.com\/bureaux\/330-bureau-en-chene-et-metal-lalala.html\">bureau Lalala<\/a><\/strong> en ch\u00eane clair et structure m\u00e9tal noir,<\/em><\/li><li><em><a href=\"https:\/\/www.robindesbois.com\/bureaux\/541-bureau-yvan-plateau-chene-et-pieds-laques-noirs.html\"><strong>bureau Yvan<\/strong><\/a> avec plateau ch\u00eane naturel et pieds laqu\u00e9s patine antiquaire noire,<\/em><\/li><li><em><a href=\"https:\/\/www.robindesbois.com\/bureaux\/538-bureau-en-ch%C3%AAne-140-cm-2-tiroirs-brooklyn.html\"><strong>bureau Brooklyn<\/strong><\/a> en ch\u00eane naturel,<\/em><\/li><li><em><a href=\"https:\/\/www.robindesbois.com\/salle-a-manger\/49-table-plateau-ch%c3%aane-massif-pieds-m%c3%a9tal-8-%c3%a0-10-couverts-hector.html\"><strong>table Hector<\/strong><\/a> avec plateau ch\u00eane naturel et pieds m\u00e9tal noir,<\/em><\/li><li><em><a href=\"https:\/\/www.robindesbois.com\/bureaux\/105-bureau-chene-3-tiroirs-2-tirettes-camus.html\"><strong>bureau Camus<\/strong><\/a> en ch\u00eane naturel c\u00e9rus\u00e9.<\/em><\/li><\/ul>\t\t\t\t\t\t\t\t<\/div>\n\t\t\t\t<\/div>\n\t\t\t\t<div class=\"elementor-element elementor-element-08940b9 elementor-widget-divider--view-line elementor-widget elementor-widget-divider\" data-id=\"08940b9\" data-element_type=\"widget\" data-e-type=\"widget\" data-widget_type=\"divider.default\">\n\t\t\t\t<div class=\"elementor-widget-container\">\n\t\t\t\t\t\t\t<div class=\"elementor-divider\">\n\t\t\t<span class=\"elementor-divider-separator\">\n\t\t\t\t\t\t<\/span>\n\t\t<\/div>\n\t\t\t\t\t\t<\/div>\n\t\t\t\t<\/div>\n\t\t\t\t\t<\/div>\n\t\t<\/div>\n\t\t\t\t\t<\/div>\n\t\t<\/section>\n\t\t\t\t<section class=\"elementor-section elementor-top-section elementor-element elementor-element-367e199 elementor-section-boxed elementor-section-height-default elementor-section-height-default\" data-id=\"367e199\" data-element_type=\"section\" data-e-type=\"section\">\n\t\t\t\t\t\t<div class=\"elementor-container elementor-column-gap-default\">\n\t\t\t\t\t<div class=\"elementor-column elementor-col-100 elementor-top-column elementor-element elementor-element-c99be8d\" data-id=\"c99be8d\" data-element_type=\"column\" data-e-type=\"column\">\n\t\t\t<div class=\"elementor-widget-wrap elementor-element-populated\">\n\t\t\t\t\t\t<div class=\"elementor-element elementor-element-f47c19d elementor-widget elementor-widget-spacer\" data-id=\"f47c19d\" data-element_type=\"widget\" data-e-type=\"widget\" data-widget_type=\"spacer.default\">\n\t\t\t\t<div class=\"elementor-widget-container\">\n\t\t\t\t\t\t\t<div class=\"elementor-spacer\">\n\t\t\t<div class=\"elementor-spacer-inner\"><\/div>\n\t\t<\/div>\n\t\t\t\t\t\t<\/div>\n\t\t\t\t<\/div>\n\t\t\t\t<div class=\"elementor-element elementor-element-c8027f5 elementor-widget elementor-widget-heading\" data-id=\"c8027f5\" data-element_type=\"widget\" data-e-type=\"widget\" data-widget_type=\"heading.default\">\n\t\t\t\t<div class=\"elementor-widget-container\">\n\t\t\t\t\t<h2 class=\"elementor-heading-title elementor-size-default\">Le bon si\u00e8ge pour travailler<\/h2>\t\t\t\t<\/div>\n\t\t\t\t<\/div>\n\t\t\t\t<div class=\"elementor-element elementor-element-ec7ced6 elementor-widget elementor-widget-text-editor\" data-id=\"ec7ced6\" data-element_type=\"widget\" data-e-type=\"widget\" data-widget_type=\"text-editor.default\">\n\t\t\t\t<div class=\"elementor-widget-container\">\n\t\t\t\t\t\t\t\t\t<p><span style=\"font-weight: 400;\">Le choix du fauteuil est essentiel car il touche \u00e0 votre confort et \u00e0 votre bien-\u00eatre physique. Il d\u00e9pend en grande partie du temps que vous passez derri\u00e8re le bureau. <strong>Pour un usage occasionnel, faites-vous plaisir avec un si\u00e8ge \u00e9l\u00e9gant dans le m\u00eame style que le bureau. En revanche, si vous restez de longues \u00e0 travailler, optez pour une fauteuil de bureau ergonomique<\/strong> en pr\u00eatant attention \u00e0 ce qu\u2019il soit adapt\u00e9 \u00e0 votre morphologie. Vous limiterez ainsi les risques de douleurs lombaires caract\u00e9ristiques des stations assises prolong\u00e9es et r\u00e9p\u00e9t\u00e9es. <\/span><\/p>\t\t\t\t\t\t\t\t<\/div>\n\t\t\t\t<\/div>\n\t\t\t\t\t<\/div>\n\t\t<\/div>\n\t\t\t\t\t<\/div>\n\t\t<\/section>\n\t\t\t\t<section class=\"elementor-section elementor-top-section elementor-element elementor-element-52bcdee elementor-section-boxed elementor-section-height-default elementor-section-height-default\" data-id=\"52bcdee\" data-element_type=\"section\" data-e-type=\"section\">\n\t\t\t\t\t\t<div class=\"elementor-container elementor-column-gap-default\">\n\t\t\t\t\t<div class=\"elementor-column elementor-col-100 elementor-top-column elementor-element elementor-element-8dd52e4\" data-id=\"8dd52e4\" data-element_type=\"column\" data-e-type=\"column\">\n\t\t\t<div class=\"elementor-widget-wrap elementor-element-populated\">\n\t\t\t\t\t\t<div class=\"elementor-element elementor-element-1082470 elementor-widget elementor-widget-spacer\" data-id=\"1082470\" data-element_type=\"widget\" data-e-type=\"widget\" data-widget_type=\"spacer.default\">\n\t\t\t\t<div class=\"elementor-widget-container\">\n\t\t\t\t\t\t\t<div class=\"elementor-spacer\">\n\t\t\t<div class=\"elementor-spacer-inner\"><\/div>\n\t\t<\/div>\n\t\t\t\t\t\t<\/div>\n\t\t\t\t<\/div>\n\t\t\t\t<div class=\"elementor-element elementor-element-5ab5a05 elementor-widget elementor-widget-heading\" data-id=\"5ab5a05\" data-element_type=\"widget\" data-e-type=\"widget\" data-widget_type=\"heading.default\">\n\t\t\t\t<div class=\"elementor-widget-container\">\n\t\t\t\t\t<h2 class=\"elementor-heading-title elementor-size-default\">Des rangements adapt\u00e9s<\/h2>\t\t\t\t<\/div>\n\t\t\t\t<\/div>\n\t\t\t\t\t<\/div>\n\t\t<\/div>\n\t\t\t\t\t<\/div>\n\t\t<\/section>\n\t\t\t\t<section class=\"elementor-section elementor-top-section elementor-element elementor-element-5aee6d1 elementor-section-boxed elementor-section-height-default elementor-section-height-default\" data-id=\"5aee6d1\" data-element_type=\"section\" data-e-type=\"section\">\n\t\t\t\t\t\t<div class=\"elementor-container elementor-column-gap-default\">\n\t\t\t\t\t<div class=\"elementor-column elementor-col-100 elementor-top-column elementor-element elementor-element-13c1f71\" data-id=\"13c1f71\" data-element_type=\"column\" data-e-type=\"column\">\n\t\t\t<div class=\"elementor-widget-wrap elementor-element-populated\">\n\t\t\t\t\t\t<div class=\"elementor-element elementor-element-2a7a9ff elementor-widget elementor-widget-text-editor\" data-id=\"2a7a9ff\" data-element_type=\"widget\" data-e-type=\"widget\" data-widget_type=\"text-editor.default\">\n\t\t\t\t<div class=\"elementor-widget-container\">\n\t\t\t\t\t\t\t\t\t<p><span style=\"font-weight: 400;\">Quel volume de documents ai-je \u00e0 ranger ? Doivent-ils \u00eatre \u00e0 port\u00e9e de main en permanence ? Sous quelle forme se pr\u00e9sentent-ils ? <\/span><span style=\"font-weight: 400;\">Comme pour le meuble-bureau et pour le si\u00e8ge, <strong>les rangements doivent \u00eatre choisis pour r\u00e9pondre \u00e0 votre besoin faute de quoi vous serez confront\u00e9 \u00e0 des probl\u00e9matiques d\u2019organisation et de perte de temps.<\/strong> Pour des documents que vous utilisez au quotidien, pr\u00e9voyez des \u00e9tag\u00e8res ouvertes. Pour le reste de vos documents et dossiers, privil\u00e9giez des rangements ferm\u00e9s de fa\u00e7on \u00e0 limiter les distractions visuelles et faciliter la concentration<\/span><\/p>\t\t\t\t\t\t\t\t<\/div>\n\t\t\t\t<\/div>\n\t\t\t\t<div class=\"elementor-element elementor-element-f2763a4 elementor-widget-divider--view-line elementor-widget elementor-widget-divider\" data-id=\"f2763a4\" data-element_type=\"widget\" data-e-type=\"widget\" data-widget_type=\"divider.default\">\n\t\t\t\t<div class=\"elementor-widget-container\">\n\t\t\t\t\t\t\t<div class=\"elementor-divider\">\n\t\t\t<span class=\"elementor-divider-separator\">\n\t\t\t\t\t\t<\/span>\n\t\t<\/div>\n\t\t\t\t\t\t<\/div>\n\t\t\t\t<\/div>\n\t\t\t\t<div class=\"elementor-element elementor-element-089fcbd elementor-widget elementor-widget-heading\" data-id=\"089fcbd\" data-element_type=\"widget\" data-e-type=\"widget\" data-widget_type=\"heading.default\">\n\t\t\t\t<div class=\"elementor-widget-container\">\n\t\t\t\t\t<h4 class=\"elementor-heading-title elementor-size-default\">Notre s\u00e9lection de rangements<\/h4>\t\t\t\t<\/div>\n\t\t\t\t<\/div>\n\t\t\t\t<div class=\"elementor-element elementor-element-4245a97 elementor-arrows-position-inside elementor-widget elementor-widget-image-carousel\" data-id=\"4245a97\" data-element_type=\"widget\" data-e-type=\"widget\" data-settings=\"{&quot;slides_to_show&quot;:&quot;1&quot;,&quot;navigation&quot;:&quot;arrows&quot;,&quot;autoplay&quot;:&quot;yes&quot;,&quot;pause_on_hover&quot;:&quot;yes&quot;,&quot;pause_on_interaction&quot;:&quot;yes&quot;,&quot;autoplay_speed&quot;:5000,&quot;infinite&quot;:&quot;yes&quot;,&quot;effect&quot;:&quot;slide&quot;,&quot;speed&quot;:500}\" data-widget_type=\"image-carousel.default\">\n\t\t\t\t<div class=\"elementor-widget-container\">\n\t\t\t\t\t\t\t<div class=\"elementor-image-carousel-wrapper swiper\" role=\"region\" aria-roledescription=\"carousel\" aria-label=\"Carrousel d\u2019images\" dir=\"ltr\">\n\t\t\t<div class=\"elementor-image-carousel swiper-wrapper\" aria-live=\"off\">\n\t\t\t\t\t\t\t\t<div class=\"swiper-slide\" role=\"group\" aria-roledescription=\"slide\" aria-label=\"1 sur 3\"><figure class=\"swiper-slide-inner\"><img decoding=\"async\" class=\"swiper-slide-image\" src=\"https:\/\/www.robindesbois.com\/blog\/wp-content\/uploads\/2020\/08\/bibliotheque-gustave-450x450.jpg\" alt=\"Meuble d&#039;apothicaire patine antiquaire noire\" \/><\/figure><\/div><div class=\"swiper-slide\" role=\"group\" aria-roledescription=\"slide\" aria-label=\"2 sur 3\"><figure class=\"swiper-slide-inner\"><img decoding=\"async\" class=\"swiper-slide-image\" src=\"https:\/\/www.robindesbois.com\/blog\/wp-content\/uploads\/2020\/08\/\u00e9tag\u00e8re-basse-sartre-bois-et-m\u00e9tal-450x450.jpg\" alt=\"\u00e9tag\u00e8re basse style retro\" \/><\/figure><\/div><div class=\"swiper-slide\" role=\"group\" aria-roledescription=\"slide\" aria-label=\"3 sur 3\"><figure class=\"swiper-slide-inner\"><img decoding=\"async\" class=\"swiper-slide-image\" src=\"https:\/\/www.robindesbois.com\/blog\/wp-content\/uploads\/2022\/04\/meuble-de-rangement-vitre-avec-tiroirs-cargo-450x450.jpg\" alt=\"Meuble de rangement cargo avec vitrine et tiroirs\" \/><\/figure><\/div>\t\t\t<\/div>\n\t\t\t\t\t\t\t\t\t\t\t\t<div class=\"elementor-swiper-button elementor-swiper-button-prev\" role=\"button\" tabindex=\"0\">\n\t\t\t\t\t\t<i aria-hidden=\"true\" class=\"eicon-chevron-left\"><\/i>\t\t\t\t\t<\/div>\n\t\t\t\t\t<div class=\"elementor-swiper-button elementor-swiper-button-next\" role=\"button\" tabindex=\"0\">\n\t\t\t\t\t\t<i aria-hidden=\"true\" class=\"eicon-chevron-right\"><\/i>\t\t\t\t\t<\/div>\n\t\t\t\t\n\t\t\t\t\t\t\t\t\t<\/div>\n\t\t\t\t\t\t<\/div>\n\t\t\t\t<\/div>\n\t\t\t\t<div class=\"elementor-element elementor-element-01cdec9 elementor-widget elementor-widget-text-editor\" data-id=\"01cdec9\" data-element_type=\"widget\" data-e-type=\"widget\" data-widget_type=\"text-editor.default\">\n\t\t\t\t<div class=\"elementor-widget-container\">\n\t\t\t\t\t\t\t\t\t<ul><li><em><a href=\"https:\/\/www.robindesbois.com\/salon\/211-bibliotheque-gustave.html\"><strong>biblioth\u00e8que Gustave<\/strong><\/a> en finition patine antiquaire noir profond, taupe ou shabby blanche,<\/em><\/li><li><em><a href=\"https:\/\/www.robindesbois.com\/meubles-de-rangement\/320-%C3%A9tag%C3%A8re-basse-sartre-bois-et-m%C3%A9tal.html\"><strong>\u00e9tag\u00e8re basse Sartre<\/strong><\/a> en finition bois et m\u00e9tal noir,<\/em><\/li><li><em><a href=\"https:\/\/www.robindesbois.com\/meubles-de-rangement\/671-meuble-de-rangement-vitre-avec-tiroirs-cargo.html\"><b>meuble de rangement vitr\u00e9 Cargo <\/b><\/a>en patine shabby blanc ivoire ou patine noire antiquaire.<\/em><\/li><\/ul>\t\t\t\t\t\t\t\t<\/div>\n\t\t\t\t<\/div>\n\t\t\t\t<div class=\"elementor-element elementor-element-93445fa elementor-widget-divider--view-line elementor-widget elementor-widget-divider\" data-id=\"93445fa\" data-element_type=\"widget\" data-e-type=\"widget\" data-widget_type=\"divider.default\">\n\t\t\t\t<div class=\"elementor-widget-container\">\n\t\t\t\t\t\t\t<div class=\"elementor-divider\">\n\t\t\t<span class=\"elementor-divider-separator\">\n\t\t\t\t\t\t<\/span>\n\t\t<\/div>\n\t\t\t\t\t\t<\/div>\n\t\t\t\t<\/div>\n\t\t\t\t\t<\/div>\n\t\t<\/div>\n\t\t\t\t\t<\/div>\n\t\t<\/section>\n\t\t\t\t<section class=\"elementor-section elementor-top-section elementor-element elementor-element-3bd5fc0 elementor-section-boxed elementor-section-height-default elementor-section-height-default\" data-id=\"3bd5fc0\" data-element_type=\"section\" data-e-type=\"section\">\n\t\t\t\t\t\t<div class=\"elementor-container elementor-column-gap-default\">\n\t\t\t\t\t<div class=\"elementor-column elementor-col-100 elementor-top-column elementor-element elementor-element-66466b3\" data-id=\"66466b3\" data-element_type=\"column\" data-e-type=\"column\">\n\t\t\t<div class=\"elementor-widget-wrap elementor-element-populated\">\n\t\t\t\t\t\t<div class=\"elementor-element elementor-element-f5b5e90 elementor-widget elementor-widget-spacer\" data-id=\"f5b5e90\" data-element_type=\"widget\" data-e-type=\"widget\" data-widget_type=\"spacer.default\">\n\t\t\t\t<div class=\"elementor-widget-container\">\n\t\t\t\t\t\t\t<div class=\"elementor-spacer\">\n\t\t\t<div class=\"elementor-spacer-inner\"><\/div>\n\t\t<\/div>\n\t\t\t\t\t\t<\/div>\n\t\t\t\t<\/div>\n\t\t\t\t<div class=\"elementor-element elementor-element-73f233a elementor-widget elementor-widget-heading\" data-id=\"73f233a\" data-element_type=\"widget\" data-e-type=\"widget\" data-widget_type=\"heading.default\">\n\t\t\t\t<div class=\"elementor-widget-container\">\n\t\t\t\t\t<h2 class=\"elementor-heading-title elementor-size-default\">Des \u00e9clairages performants<\/h2>\t\t\t\t<\/div>\n\t\t\t\t<\/div>\n\t\t\t\t\t<\/div>\n\t\t<\/div>\n\t\t\t\t\t<\/div>\n\t\t<\/section>\n\t\t\t\t<section class=\"elementor-section elementor-top-section elementor-element elementor-element-b1d245e elementor-section-boxed elementor-section-height-default elementor-section-height-default\" data-id=\"b1d245e\" data-element_type=\"section\" data-e-type=\"section\">\n\t\t\t\t\t\t<div class=\"elementor-container elementor-column-gap-default\">\n\t\t\t\t\t<div class=\"elementor-column elementor-col-100 elementor-top-column elementor-element elementor-element-7526bb9\" data-id=\"7526bb9\" data-element_type=\"column\" data-e-type=\"column\">\n\t\t\t<div class=\"elementor-widget-wrap elementor-element-populated\">\n\t\t\t\t\t\t<div class=\"elementor-element elementor-element-9ee5c1c elementor-widget elementor-widget-text-editor\" data-id=\"9ee5c1c\" data-element_type=\"widget\" data-e-type=\"widget\" data-widget_type=\"text-editor.default\">\n\t\t\t\t<div class=\"elementor-widget-container\">\n\t\t\t\t\t\t\t\t\t<p><span style=\"font-weight: 400;\">Dernier point \u00e0 ne pas n\u00e9gliger, un bon \u00e9clairage est indispensable pour vous permettre de travailler sereinement et en limitant la fatigue oculaire quelques soient l\u2019heure et la luminosit\u00e9, et notamment pendant la p\u00e9riode hivernale quand les jours sont gris et plus courts. <\/span><strong>Deux types de luminaires doivent se compl\u00e9ter : une suspension ou des appliques pour un \u00e9clairage global de la pi\u00e8ce et une lampe de bureau ou une liseuse pour un \u00e9clairage cibl\u00e9 de la zone de travail.<\/strong><\/p>\t\t\t\t\t\t\t\t<\/div>\n\t\t\t\t<\/div>\n\t\t\t\t\t<\/div>\n\t\t<\/div>\n\t\t\t\t\t<\/div>\n\t\t<\/section>\n\t\t\t\t<section class=\"elementor-section elementor-top-section elementor-element elementor-element-1157b7f elementor-section-boxed elementor-section-height-default elementor-section-height-default\" data-id=\"1157b7f\" data-element_type=\"section\" data-e-type=\"section\">\n\t\t\t\t\t\t<div class=\"elementor-container elementor-column-gap-default\">\n\t\t\t\t\t<div class=\"elementor-column elementor-col-100 elementor-top-column elementor-element elementor-element-7afed09\" data-id=\"7afed09\" data-element_type=\"column\" data-e-type=\"column\">\n\t\t\t<div class=\"elementor-widget-wrap elementor-element-populated\">\n\t\t\t\t\t\t<div class=\"elementor-element elementor-element-8390116 elementor-widget elementor-widget-spacer\" data-id=\"8390116\" data-element_type=\"widget\" data-e-type=\"widget\" data-widget_type=\"spacer.default\">\n\t\t\t\t<div class=\"elementor-widget-container\">\n\t\t\t\t\t\t\t<div class=\"elementor-spacer\">\n\t\t\t<div class=\"elementor-spacer-inner\"><\/div>\n\t\t<\/div>\n\t\t\t\t\t\t<\/div>\n\t\t\t\t<\/div>\n\t\t\t\t<div class=\"elementor-element elementor-element-a0e349a elementor-widget elementor-widget-image\" data-id=\"a0e349a\" data-element_type=\"widget\" data-e-type=\"widget\" data-widget_type=\"image.default\">\n\t\t\t\t<div class=\"elementor-widget-container\">\n\t\t\t\t\t\t\t\t\t\t\t\t\t\t\t<img fetchpriority=\"high\" decoding=\"async\" width=\"500\" height=\"190\" src=\"https:\/\/www.robindesbois.com\/blog\/wp-content\/uploads\/2020\/08\/bureau-fonctionnel-2.png\" class=\"attachment-large size-large wp-image-7319\" alt=\"4 \u00e9l\u00e9ments pour un bureau fonctionnel\" srcset=\"https:\/\/www.robindesbois.com\/blog\/wp-content\/uploads\/2020\/08\/bureau-fonctionnel-2.png 820w, https:\/\/www.robindesbois.com\/blog\/wp-content\/uploads\/2020\/08\/bureau-fonctionnel-2-300x114.png 300w, https:\/\/www.robindesbois.com\/blog\/wp-content\/uploads\/2020\/08\/bureau-fonctionnel-2-768x292.png 768w, https:\/\/www.robindesbois.com\/blog\/wp-content\/uploads\/2020\/08\/bureau-fonctionnel-2-418x159.png 418w, https:\/\/www.robindesbois.com\/blog\/wp-content\/uploads\/2020\/08\/bureau-fonctionnel-2-400x152.png 400w, https:\/\/www.robindesbois.com\/blog\/wp-content\/uploads\/2020\/08\/bureau-fonctionnel-2-788x300.png 788w\" sizes=\"(max-width: 500px) 100vw, 500px\" \/>\t\t\t\t\t\t\t\t\t\t\t\t\t\t\t<\/div>\n\t\t\t\t<\/div>\n\t\t\t\t<div class=\"elementor-element elementor-element-db09ca7 elementor-widget elementor-widget-spacer\" data-id=\"db09ca7\" data-element_type=\"widget\" data-e-type=\"widget\" data-widget_type=\"spacer.default\">\n\t\t\t\t<div class=\"elementor-widget-container\">\n\t\t\t\t\t\t\t<div class=\"elementor-spacer\">\n\t\t\t<div class=\"elementor-spacer-inner\"><\/div>\n\t\t<\/div>\n\t\t\t\t\t\t<\/div>\n\t\t\t\t<\/div>\n\t\t\t\t<div class=\"elementor-element elementor-element-186e9e8 elementor-widget elementor-widget-text-editor\" data-id=\"186e9e8\" data-element_type=\"widget\" data-e-type=\"widget\" data-widget_type=\"text-editor.default\">\n\t\t\t\t<div class=\"elementor-widget-container\">\n\t\t\t\t\t\t\t\t\t<p><span style=\"font-weight: 400;\">Une fois que ces quatre points essentiels ont \u00e9t\u00e9 choisis et install\u00e9s, vous pouvez apporter quelques accessoires pour optimiser votre installation : des classeurs d\u2019archivage design pour agr\u00e9menter les \u00e9tag\u00e8res ouvertes, un sous-main, des bloc-notes, des petites bo\u00eetes, un pot \u00e0 crayons pour ranger le mat\u00e9riel sur votre bureau, un moodboard ou tableau d\u2019inspiration pour organiser vos id\u00e9es et voir vos priorit\u00e9s en un seul coup d\u2019oeil.<\/span><\/p><p><span style=\"font-weight: 400;\">Il vous reste ensuite \u00e0 apporter votre touche personnelle pour cr\u00e9er un espace dans lequel vous vous sentirez bien. Pour cela, ajoutez des cadres avec affiches, des tableaux ou encore un p\u00eale-m\u00eale avec des photos souvenirs, quelques bibelots auxquels vous \u00eates attach\u00e9s, des bougies parfum\u00e9es pour une petite lumi\u00e8re vive et chaleureuse, des plantes vertes reconnues pour leurs vertus apaisantes&#8230;<\/span><\/p>\t\t\t\t\t\t\t\t<\/div>\n\t\t\t\t<\/div>\n\t\t\t\t\t<\/div>\n\t\t<\/div>\n\t\t\t\t\t<\/div>\n\t\t<\/section>\n\t\t\t\t<section class=\"elementor-section elementor-top-section elementor-element elementor-element-f1c3a72 elementor-section-boxed elementor-section-height-default elementor-section-height-default\" data-id=\"f1c3a72\" data-element_type=\"section\" data-e-type=\"section\">\n\t\t\t\t\t\t<div class=\"elementor-container elementor-column-gap-default\">\n\t\t\t\t\t<div class=\"elementor-column elementor-col-100 elementor-top-column elementor-element elementor-element-6a56ad4\" data-id=\"6a56ad4\" data-element_type=\"column\" data-e-type=\"column\">\n\t\t\t<div class=\"elementor-widget-wrap elementor-element-populated\">\n\t\t\t\t\t\t<div class=\"elementor-element elementor-element-6f39592 elementor-widget-divider--view-line_icon elementor-view-default elementor-widget-divider--element-align-center elementor-widget elementor-widget-divider\" data-id=\"6f39592\" data-element_type=\"widget\" data-e-type=\"widget\" data-widget_type=\"divider.default\">\n\t\t\t\t<div class=\"elementor-widget-container\">\n\t\t\t\t\t\t\t<div class=\"elementor-divider\">\n\t\t\t<span class=\"elementor-divider-separator\">\n\t\t\t\t\t\t\t<div class=\"elementor-icon elementor-divider__element\">\n\t\t\t\t\t<i aria-hidden=\"true\" class=\"fas fa-tv\"><\/i><\/div>\n\t\t\t\t\t\t<\/span>\n\t\t<\/div>\n\t\t\t\t\t\t<\/div>\n\t\t\t\t<\/div>\n\t\t\t\t<div class=\"elementor-element elementor-element-88589db elementor-widget elementor-widget-text-editor\" data-id=\"88589db\" data-element_type=\"widget\" data-e-type=\"widget\" data-widget_type=\"text-editor.default\">\n\t\t\t\t<div class=\"elementor-widget-container\">\n\t\t\t\t\t\t\t\t\t<h4 style=\"text-align: center;\"><strong><a href=\"https:\/\/www.robindesbois.com\/90-bureaux\">D\u00e9couvrez la s\u00e9lection Robin des Bois pour le bureau.<\/a><\/strong><\/h4>\t\t\t\t\t\t\t\t<\/div>\n\t\t\t\t<\/div>\n\t\t\t\t\t<\/div>\n\t\t<\/div>\n\t\t\t\t\t<\/div>\n\t\t<\/section>\n\t\t\t\t<section class=\"elementor-section elementor-top-section elementor-element elementor-element-f89401e elementor-section-boxed elementor-section-height-default elementor-section-height-default\" data-id=\"f89401e\" data-element_type=\"section\" data-e-type=\"section\">\n\t\t\t\t\t\t<div class=\"elementor-container elementor-column-gap-default\">\n\t\t\t\t\t<div class=\"elementor-column elementor-col-100 elementor-top-column elementor-element elementor-element-06054df\" data-id=\"06054df\" data-element_type=\"column\" data-e-type=\"column\">\n\t\t\t<div class=\"elementor-widget-wrap elementor-element-populated\">\n\t\t\t\t\t\t<div class=\"elementor-element elementor-element-8f80271 elementor-widget-divider--view-line elementor-widget elementor-widget-divider\" data-id=\"8f80271\" data-element_type=\"widget\" data-e-type=\"widget\" data-widget_type=\"divider.default\">\n\t\t\t\t<div class=\"elementor-widget-container\">\n\t\t\t\t\t\t\t<div class=\"elementor-divider\">\n\t\t\t<span class=\"elementor-divider-separator\">\n\t\t\t\t\t\t<\/span>\n\t\t<\/div>\n\t\t\t\t\t\t<\/div>\n\t\t\t\t<\/div>\n\t\t\t\t\t<\/div>\n\t\t<\/div>\n\t\t\t\t\t<\/div>\n\t\t<\/section>\n\t\t\t\t<\/div>\n\t\t","protected":false},"excerpt":{"rendered":"<p>Que ce soit une pi\u00e8ce \u00e0 part enti\u00e8re ou un simple espace dans le salon ou la chambre, votre bureau se doit d\u2019\u00eatre \u00e0 la fois bien agenc\u00e9 et agr\u00e9able pour vous permettre d\u2019\u00eatre concentr\u00e9, productif et cr\u00e9atif. C\u2019est d\u2019autant plus important si vous travaillez \u00e0 temps plein ou \u00e0 temps partiel \u00e0 la maison comme c\u2019est le cas pour de nombreuses personnes avec le d\u00e9veloppement du t\u00e9l\u00e9travail. <\/p>\n","protected":false},"author":6,"featured_media":7308,"comment_status":"closed","ping_status":"open","sticky":false,"template":"","format":"standard","meta":{"footnotes":""},"categories":[2],"tags":[169,170,164,171,172,75,109,77],"class_list":["post-7303","post","type-post","status-publish","format-standard","has-post-thumbnail","hentry","category-des-conseils","tag-amenagenentinterieur","tag-bureau","tag-conseildeco","tag-inspirationdeco","tag-teletravail","tag-decoration","tag-meuble-de-qualite","tag-tendancedeco"],"yoast_head":"<!-- This site is optimized with the Yoast SEO plugin v26.6 - https:\/\/yoast.com\/wordpress\/plugins\/seo\/ -->\n<title>Les cl\u00e9s d&#039;un bureau fonctionnel et agr\u00e9able<\/title>\n<meta name=\"robots\" content=\"index, follow, max-snippet:-1, max-image-preview:large, max-video-preview:-1\" \/>\n<link rel=\"canonical\" href=\"https:\/\/www.robindesbois.com\/blog\/les-cles-dun-bureau-fonctionnel-et-agreable\/\" \/>\n<meta property=\"og:locale\" content=\"fr_FR\" \/>\n<meta property=\"og:type\" content=\"article\" \/>\n<meta property=\"og:title\" content=\"Les cl\u00e9s d&#039;un bureau fonctionnel et agr\u00e9able\" \/>\n<meta property=\"og:description\" content=\"Que ce soit une pi\u00e8ce \u00e0 part enti\u00e8re ou un simple espace dans le salon ou la chambre, votre bureau se doit d\u2019\u00eatre \u00e0 la fois bien agenc\u00e9 et agr\u00e9able pour vous permettre d\u2019\u00eatre concentr\u00e9, productif et cr\u00e9atif. C\u2019est d\u2019autant plus important si vous travaillez \u00e0 temps plein ou \u00e0 temps partiel \u00e0 la maison comme c\u2019est le cas pour de nombreuses personnes avec le d\u00e9veloppement du t\u00e9l\u00e9travail.\" \/>\n<meta property=\"og:url\" content=\"https:\/\/www.robindesbois.com\/blog\/les-cles-dun-bureau-fonctionnel-et-agreable\/\" \/>\n<meta property=\"og:site_name\" content=\"Le Blog de Robin des Bois\" \/>\n<meta property=\"article:published_time\" content=\"2020-08-24T15:41:17+00:00\" \/>\n<meta property=\"article:modified_time\" content=\"2025-12-24T10:49:18+00:00\" \/>\n<meta property=\"og:image\" content=\"https:\/\/www.robindesbois.com\/blog\/wp-content\/uploads\/2020\/08\/bureau-en-che\u0302ne-et-me\u0301tal-lalala.jpg\" \/>\n\t<meta property=\"og:image:width\" content=\"1200\" \/>\n\t<meta property=\"og:image:height\" content=\"1200\" \/>\n\t<meta property=\"og:image:type\" content=\"image\/jpeg\" \/>\n<meta name=\"author\" content=\"Ali\u00e9nor de Saint-Albane\" \/>\n<meta name=\"twitter:card\" content=\"summary_large_image\" \/>\n<meta name=\"twitter:label1\" content=\"\u00c9crit par\" \/>\n\t<meta name=\"twitter:data1\" content=\"Ali\u00e9nor de Saint-Albane\" \/>\n\t<meta name=\"twitter:label2\" content=\"Dur\u00e9e de lecture estim\u00e9e\" \/>\n\t<meta name=\"twitter:data2\" content=\"7 minutes\" \/>\n<script type=\"application\/ld+json\" class=\"yoast-schema-graph\">{\"@context\":\"https:\/\/schema.org\",\"@graph\":[{\"@type\":\"WebPage\",\"@id\":\"https:\/\/www.robindesbois.com\/blog\/les-cles-dun-bureau-fonctionnel-et-agreable\/\",\"url\":\"https:\/\/www.robindesbois.com\/blog\/les-cles-dun-bureau-fonctionnel-et-agreable\/\",\"name\":\"Les cl\u00e9s d'un bureau fonctionnel et agr\u00e9able\",\"isPartOf\":{\"@id\":\"https:\/\/www.robindesbois.com\/blog\/#website\"},\"primaryImageOfPage\":{\"@id\":\"https:\/\/www.robindesbois.com\/blog\/les-cles-dun-bureau-fonctionnel-et-agreable\/#primaryimage\"},\"image\":{\"@id\":\"https:\/\/www.robindesbois.com\/blog\/les-cles-dun-bureau-fonctionnel-et-agreable\/#primaryimage\"},\"thumbnailUrl\":\"https:\/\/www.robindesbois.com\/blog\/wp-content\/uploads\/2020\/08\/bureau-en-che\u0302ne-et-me\u0301tal-lalala.jpg\",\"datePublished\":\"2020-08-24T15:41:17+00:00\",\"dateModified\":\"2025-12-24T10:49:18+00:00\",\"author\":{\"@id\":\"https:\/\/www.robindesbois.com\/blog\/#\/schema\/person\/f981a9cc293019074488806b3c6754b6\"},\"breadcrumb\":{\"@id\":\"https:\/\/www.robindesbois.com\/blog\/les-cles-dun-bureau-fonctionnel-et-agreable\/#breadcrumb\"},\"inLanguage\":\"fr-FR\",\"potentialAction\":[{\"@type\":\"ReadAction\",\"target\":[\"https:\/\/www.robindesbois.com\/blog\/les-cles-dun-bureau-fonctionnel-et-agreable\/\"]}]},{\"@type\":\"ImageObject\",\"inLanguage\":\"fr-FR\",\"@id\":\"https:\/\/www.robindesbois.com\/blog\/les-cles-dun-bureau-fonctionnel-et-agreable\/#primaryimage\",\"url\":\"https:\/\/www.robindesbois.com\/blog\/wp-content\/uploads\/2020\/08\/bureau-en-che\u0302ne-et-me\u0301tal-lalala.jpg\",\"contentUrl\":\"https:\/\/www.robindesbois.com\/blog\/wp-content\/uploads\/2020\/08\/bureau-en-che\u0302ne-et-me\u0301tal-lalala.jpg\",\"width\":1200,\"height\":1200,\"caption\":\"Bureau bois et m\u00e9tal contemporain\"},{\"@type\":\"BreadcrumbList\",\"@id\":\"https:\/\/www.robindesbois.com\/blog\/les-cles-dun-bureau-fonctionnel-et-agreable\/#breadcrumb\",\"itemListElement\":[{\"@type\":\"ListItem\",\"position\":1,\"name\":\"Accueil\",\"item\":\"https:\/\/www.robindesbois.com\/blog\/\"},{\"@type\":\"ListItem\",\"position\":2,\"name\":\"Les cl\u00e9s d&#8217;un bureau fonctionnel et agr\u00e9able\"}]},{\"@type\":\"WebSite\",\"@id\":\"https:\/\/www.robindesbois.com\/blog\/#website\",\"url\":\"https:\/\/www.robindesbois.com\/blog\/\",\"name\":\"Le Blog de Robin des Bois\",\"description\":\"Des meubles qui racontent une histoire...\",\"potentialAction\":[{\"@type\":\"SearchAction\",\"target\":{\"@type\":\"EntryPoint\",\"urlTemplate\":\"https:\/\/www.robindesbois.com\/blog\/?s={search_term_string}\"},\"query-input\":{\"@type\":\"PropertyValueSpecification\",\"valueRequired\":true,\"valueName\":\"search_term_string\"}}],\"inLanguage\":\"fr-FR\"},{\"@type\":\"Person\",\"@id\":\"https:\/\/www.robindesbois.com\/blog\/#\/schema\/person\/f981a9cc293019074488806b3c6754b6\",\"name\":\"Ali\u00e9nor de Saint-Albane\",\"sameAs\":[\"http:\/\/www.robindesbois.com\"]}]}<\/script>\n<!-- \/ Yoast SEO plugin. -->","yoast_head_json":{"title":"Les cl\u00e9s d'un bureau fonctionnel et agr\u00e9able","robots":{"index":"index","follow":"follow","max-snippet":"max-snippet:-1","max-image-preview":"max-image-preview:large","max-video-preview":"max-video-preview:-1"},"canonical":"https:\/\/www.robindesbois.com\/blog\/les-cles-dun-bureau-fonctionnel-et-agreable\/","og_locale":"fr_FR","og_type":"article","og_title":"Les cl\u00e9s d'un bureau fonctionnel et agr\u00e9able","og_description":"Que ce soit une pi\u00e8ce \u00e0 part enti\u00e8re ou un simple espace dans le salon ou la chambre, votre bureau se doit d\u2019\u00eatre \u00e0 la fois bien agenc\u00e9 et agr\u00e9able pour vous permettre d\u2019\u00eatre concentr\u00e9, productif et cr\u00e9atif. C\u2019est d\u2019autant plus important si vous travaillez \u00e0 temps plein ou \u00e0 temps partiel \u00e0 la maison comme c\u2019est le cas pour de nombreuses personnes avec le d\u00e9veloppement du t\u00e9l\u00e9travail.","og_url":"https:\/\/www.robindesbois.com\/blog\/les-cles-dun-bureau-fonctionnel-et-agreable\/","og_site_name":"Le Blog de Robin des Bois","article_published_time":"2020-08-24T15:41:17+00:00","article_modified_time":"2025-12-24T10:49:18+00:00","og_image":[{"width":1200,"height":1200,"url":"https:\/\/www.robindesbois.com\/blog\/wp-content\/uploads\/2020\/08\/bureau-en-che\u0302ne-et-me\u0301tal-lalala.jpg","type":"image\/jpeg"}],"author":"Ali\u00e9nor de Saint-Albane","twitter_card":"summary_large_image","twitter_misc":{"\u00c9crit par":"Ali\u00e9nor de Saint-Albane","Dur\u00e9e de lecture estim\u00e9e":"7 minutes"},"schema":{"@context":"https:\/\/schema.org","@graph":[{"@type":"WebPage","@id":"https:\/\/www.robindesbois.com\/blog\/les-cles-dun-bureau-fonctionnel-et-agreable\/","url":"https:\/\/www.robindesbois.com\/blog\/les-cles-dun-bureau-fonctionnel-et-agreable\/","name":"Les cl\u00e9s d'un bureau fonctionnel et agr\u00e9able","isPartOf":{"@id":"https:\/\/www.robindesbois.com\/blog\/#website"},"primaryImageOfPage":{"@id":"https:\/\/www.robindesbois.com\/blog\/les-cles-dun-bureau-fonctionnel-et-agreable\/#primaryimage"},"image":{"@id":"https:\/\/www.robindesbois.com\/blog\/les-cles-dun-bureau-fonctionnel-et-agreable\/#primaryimage"},"thumbnailUrl":"https:\/\/www.robindesbois.com\/blog\/wp-content\/uploads\/2020\/08\/bureau-en-che\u0302ne-et-me\u0301tal-lalala.jpg","datePublished":"2020-08-24T15:41:17+00:00","dateModified":"2025-12-24T10:49:18+00:00","author":{"@id":"https:\/\/www.robindesbois.com\/blog\/#\/schema\/person\/f981a9cc293019074488806b3c6754b6"},"breadcrumb":{"@id":"https:\/\/www.robindesbois.com\/blog\/les-cles-dun-bureau-fonctionnel-et-agreable\/#breadcrumb"},"inLanguage":"fr-FR","potentialAction":[{"@type":"ReadAction","target":["https:\/\/www.robindesbois.com\/blog\/les-cles-dun-bureau-fonctionnel-et-agreable\/"]}]},{"@type":"ImageObject","inLanguage":"fr-FR","@id":"https:\/\/www.robindesbois.com\/blog\/les-cles-dun-bureau-fonctionnel-et-agreable\/#primaryimage","url":"https:\/\/www.robindesbois.com\/blog\/wp-content\/uploads\/2020\/08\/bureau-en-che\u0302ne-et-me\u0301tal-lalala.jpg","contentUrl":"https:\/\/www.robindesbois.com\/blog\/wp-content\/uploads\/2020\/08\/bureau-en-che\u0302ne-et-me\u0301tal-lalala.jpg","width":1200,"height":1200,"caption":"Bureau bois et m\u00e9tal contemporain"},{"@type":"BreadcrumbList","@id":"https:\/\/www.robindesbois.com\/blog\/les-cles-dun-bureau-fonctionnel-et-agreable\/#breadcrumb","itemListElement":[{"@type":"ListItem","position":1,"name":"Accueil","item":"https:\/\/www.robindesbois.com\/blog\/"},{"@type":"ListItem","position":2,"name":"Les cl\u00e9s d&#8217;un bureau fonctionnel et agr\u00e9able"}]},{"@type":"WebSite","@id":"https:\/\/www.robindesbois.com\/blog\/#website","url":"https:\/\/www.robindesbois.com\/blog\/","name":"Le Blog de Robin des Bois","description":"Des meubles qui racontent une histoire...","potentialAction":[{"@type":"SearchAction","target":{"@type":"EntryPoint","urlTemplate":"https:\/\/www.robindesbois.com\/blog\/?s={search_term_string}"},"query-input":{"@type":"PropertyValueSpecification","valueRequired":true,"valueName":"search_term_string"}}],"inLanguage":"fr-FR"},{"@type":"Person","@id":"https:\/\/www.robindesbois.com\/blog\/#\/schema\/person\/f981a9cc293019074488806b3c6754b6","name":"Ali\u00e9nor de Saint-Albane","sameAs":["http:\/\/www.robindesbois.com"]}]}},"_links":{"self":[{"href":"https:\/\/www.robindesbois.com\/blog\/wp-json\/wp\/v2\/posts\/7303","targetHints":{"allow":["GET"]}}],"collection":[{"href":"https:\/\/www.robindesbois.com\/blog\/wp-json\/wp\/v2\/posts"}],"about":[{"href":"https:\/\/www.robindesbois.com\/blog\/wp-json\/wp\/v2\/types\/post"}],"author":[{"embeddable":true,"href":"https:\/\/www.robindesbois.com\/blog\/wp-json\/wp\/v2\/users\/6"}],"replies":[{"embeddable":true,"href":"https:\/\/www.robindesbois.com\/blog\/wp-json\/wp\/v2\/comments?post=7303"}],"version-history":[{"count":11,"href":"https:\/\/www.robindesbois.com\/blog\/wp-json\/wp\/v2\/posts\/7303\/revisions"}],"predecessor-version":[{"id":9157,"href":"https:\/\/www.robindesbois.com\/blog\/wp-json\/wp\/v2\/posts\/7303\/revisions\/9157"}],"wp:featuredmedia":[{"embeddable":true,"href":"https:\/\/www.robindesbois.com\/blog\/wp-json\/wp\/v2\/media\/7308"}],"wp:attachment":[{"href":"https:\/\/www.robindesbois.com\/blog\/wp-json\/wp\/v2\/media?parent=7303"}],"wp:term":[{"taxonomy":"category","embeddable":true,"href":"https:\/\/www.robindesbois.com\/blog\/wp-json\/wp\/v2\/categories?post=7303"},{"taxonomy":"post_tag","embeddable":true,"href":"https:\/\/www.robindesbois.com\/blog\/wp-json\/wp\/v2\/tags?post=7303"}],"curies":[{"name":"wp","href":"https:\/\/api.w.org\/{rel}","templated":true}]}}